{"id":5085,"date":"2020-04-08T18:04:06","date_gmt":"2020-04-08T18:04:06","guid":{"rendered":"http:\/\/listvinafelag.is\/?p=5085"},"modified":"2020-04-08T18:04:06","modified_gmt":"2020-04-08T18:04:06","slug":"karlotta-blondal-gathering-new-exhibition-in-the-foyer-of-hallgrimskirkja","status":"publish","type":"post","link":"https:\/\/listvinafelag.is\/en\/karlotta-blondal-gathering-new-exhibition-in-the-foyer-of-hallgrimskirkja\/","title":{"rendered":"Karlotta Bl\u00f6ndal- GATHERING- new exhibition in the foyer of Hallgrimskirkja"},"content":{"rendered":"<p><strong>Karlotta Bl\u00f6ndal GATHERING-<\/strong><\/p>\n<p><strong>March 8 \u2013 May 24&nbsp;2020&nbsp;<\/strong><\/p>\n<p>The Hallgrimskirkja Friends of the Arts Society organizes a new exhibition of Kamilla Bl\u00f6ndal in the foyer of Hallgrimskirkja under the title &#8220;Gathering&#8221;. Curator is R\u00f3sa G\u00edslad\u00f3ttir.<\/p>\n<p style=\"text-align: center;\"><a href=\"https:\/\/listvinafelag.is\/wp-content\/uploads\/2020\/04\/Hallgk-anddyri.jpg\" rel=\"lightbox[5085]\"><img loading=\"lazy\" decoding=\"async\" class=\"aligncenter size-full wp-image-5080\" src=\"https:\/\/listvinafelag.is\/wp-content\/uploads\/2020\/04\/Hallgk-anddyri.jpg\" alt=\"Hallgr\u00edmskirkja anddyri\" width=\"888\" height=\"573\" srcset=\"https:\/\/listvinafelag.is\/wp-content\/uploads\/2020\/04\/Hallgk-anddyri.jpg 888w, https:\/\/listvinafelag.is\/wp-content\/uploads\/2020\/04\/Hallgk-anddyri-300x194.jpg 300w, https:\/\/listvinafelag.is\/wp-content\/uploads\/2020\/04\/Hallgk-anddyri-768x496.jpg 768w, https:\/\/listvinafelag.is\/wp-content\/uploads\/2020\/04\/Hallgk-anddyri-226x146.jpg 226w, https:\/\/listvinafelag.is\/wp-content\/uploads\/2020\/04\/Hallgk-anddyri-50x32.jpg 50w, https:\/\/listvinafelag.is\/wp-content\/uploads\/2020\/04\/Hallgk-anddyri-116x75.jpg 116w\" sizes=\"auto, (max-width:767px) 480px, (max-width:888px) 100vw, 888px\" \/><\/a><\/p>\n<p style=\"padding-left: 40px;\">&#8220;An entrance gallery is a special place, a sort of place before a place, raising questions about the spaces that come next and who has living access to them. The entrance gallery of Hallgr\u00edmskirkja is open to all and attracts streams of visitors from every corner of the world. For this year\u2019s spring exhibition at Hallgr\u00edmskirkja we have chosen works that create a dialogue with this special space. Some of the works have been exhibited before, others are new or previously unseen, but all come together here like travellers.&nbsp;<\/p>\n<p style=\"padding-left: 40px;\">Each work is a theme from a greater context, from another time, going together to form a new whole, like a line of verse that finds a new home in another poem years later. A recurrent motif running through the exhibition is the flag as a frame around an inner or outer story.&nbsp;<\/p>\n<p style=\"padding-left: 40px;\">The exhibition opened on 8 March, International Women\u2019s Day, and was open on Palm Sunday, and will be open the Thursday of Easter week, Good Friday and Easter Sunday, and also on International Workers\u2019 Day, 1 May, and on until Ascension Day.&nbsp;<\/p>\n<p style=\"padding-left: 40px;\">All these days will colour people\u2019s perceptions and interpretations of the works, and the works themselves will gain strength from those who visit the space at any time, the stream of people in and out, the internal and external shifts and motions&#8221;.<\/p>\n<p style=\"padding-left: 40px;\">Karlotta Bl\u00f6ndal<\/p>\n<p>The exhibition is now open daily during the opening hours of Hallgrimskirkja 12 noon &#8211; 3 pm except for&nbsp;Mondays when the church is closed. Free entrance &#8211; all are welcome.<\/p>\n<p style=\"text-align: center;\"><a href=\"https:\/\/listvinafelag.is\/wp-content\/uploads\/2020\/04\/karlotta-blondal-2.jpg\" rel=\"lightbox[5085]\"><img loading=\"lazy\" decoding=\"async\" class=\"aligncenter size-large wp-image-5083\" src=\"https:\/\/listvinafelag.is\/wp-content\/uploads\/2020\/04\/karlotta-blondal-2-1024x783.jpg\" alt=\"Karlotta Bl\u00f6ndal\" width=\"1024\" height=\"783\" srcset=\"https:\/\/listvinafelag.is\/wp-content\/uploads\/2020\/04\/karlotta-blondal-2-1024x783.jpg 1024w, https:\/\/listvinafelag.is\/wp-content\/uploads\/2020\/04\/karlotta-blondal-2-300x229.jpg 300w, https:\/\/listvinafelag.is\/wp-content\/uploads\/2020\/04\/karlotta-blondal-2-768x587.jpg 768w, https:\/\/listvinafelag.is\/wp-content\/uploads\/2020\/04\/karlotta-blondal-2-191x146.jpg 191w, https:\/\/listvinafelag.is\/wp-content\/uploads\/2020\/04\/karlotta-blondal-2-50x38.jpg 50w, https:\/\/listvinafelag.is\/wp-content\/uploads\/2020\/04\/karlotta-blondal-2-98x75.jpg 98w, https:\/\/listvinafelag.is\/wp-content\/uploads\/2020\/04\/karlotta-blondal-2.jpg 1200w\" sizes=\"auto, (max-width:767px) 480px, (max-width:1024px) 100vw, 1024px\" \/><\/a><\/p>\n","protected":false},"excerpt":{"rendered":"<p>Karlotta Bl\u00f6ndal GATHERING- March 8 \u2013 May 24&nbsp;2020&nbsp; The Hallgrimskirkja Friends of the Arts Society organizes a new exhibition of Kamilla Bl\u00f6ndal in the foyer of<span class=\"excerpt-hellip\"> [\u2026]<\/span><\/p>\n","protected":false},"author":5,"featured_media":5082,"comment_status":"closed","ping_status":"open","sticky":false,"template":"","format":"standard","meta":{"ngg_post_thumbnail":0,"footnotes":""},"categories":[7],"tags":[],"class_list":["post-5085","post","type-post","status-publish","format-standard","has-post-thumbnail","hentry","category-news"],"_links":{"self":[{"href":"https:\/\/listvinafelag.is\/en\/wp-json\/wp\/v2\/posts\/5085","targetHints":{"allow":["GET"]}}],"collection":[{"href":"https:\/\/listvinafelag.is\/en\/wp-json\/wp\/v2\/posts"}],"about":[{"href":"https:\/\/listvinafelag.is\/en\/wp-json\/wp\/v2\/types\/post"}],"author":[{"embeddable":true,"href":"https:\/\/listvinafelag.is\/en\/wp-json\/wp\/v2\/users\/5"}],"replies":[{"embeddable":true,"href":"https:\/\/listvinafelag.is\/en\/wp-json\/wp\/v2\/comments?post=5085"}],"version-history":[{"count":0,"href":"https:\/\/listvinafelag.is\/en\/wp-json\/wp\/v2\/posts\/5085\/revisions"}],"wp:featuredmedia":[{"embeddable":true,"href":"https:\/\/listvinafelag.is\/en\/wp-json\/wp\/v2\/media\/5082"}],"wp:attachment":[{"href":"https:\/\/listvinafelag.is\/en\/wp-json\/wp\/v2\/media?parent=5085"}],"wp:term":[{"taxonomy":"category","embeddable":true,"href":"https:\/\/listvinafelag.is\/en\/wp-json\/wp\/v2\/categories?post=5085"},{"taxonomy":"post_tag","embeddable":true,"href":"https:\/\/listvinafelag.is\/en\/wp-json\/wp\/v2\/tags?post=5085"}],"curies":[{"name":"wp","href":"https:\/\/api.w.org\/{rel}","templated":true}]}}