{"id":4908,"date":"2019-08-06T11:51:41","date_gmt":"2019-08-06T11:51:41","guid":{"rendered":"http:\/\/listvinafelag.is\/?p=4908"},"modified":"2019-08-06T11:51:41","modified_gmt":"2019-08-06T11:51:41","slug":"gudny-einarsdottir-organisti-hateigskirkja-church-performs-pieces-by-felix-mendelssohn-atli-heimir-sveinsson-bara-grimsdottir-and-jon-nordal","status":"publish","type":"post","link":"https:\/\/listvinafelag.is\/en\/gudny-einarsdottir-organisti-hateigskirkja-church-performs-pieces-by-felix-mendelssohn-atli-heimir-sveinsson-bara-grimsdottir-and-jon-nordal\/","title":{"rendered":"Gu\u00f0n\u00fd Einarsd\u00f3ttir organisti H\u00e1teigskirkja church performs pieces by Felix Mendelssohn, Atli Heimir Sveinsson, B\u00e1ra Gr\u00edmsd\u00f3ttir and J\u00f3n Nordal"},"content":{"rendered":"<p>International Organ Summer in Hallgr\u00edmskirkja&nbsp;<\/p>\n<p><strong>Thursday 8. August at 12:00 &#8211; 12:30&nbsp;<\/strong><\/p>\n<p>Gu\u00f0n\u00fd Einarsd\u00f3ttir organisti H\u00e1teigskirkja church performs pieces by Felix Mendelssohn, Atli Heimir Sveinsson, B\u00e1ra Gr\u00edmsd\u00f3ttir and J\u00f3n Nordal.<\/p>\n<p>Tickets 2500 ISK&nbsp;<\/p>\n<p><strong>Gu\u00f0n\u00fd Einarsd\u00f3ttir<\/strong> graduated from the department of musical education at the Reykjav\u00edk College of Music, having begun studying the piano at a young age. She graduated as an organist from the Music School of the National Church in Iceland.&nbsp;<\/p>\n<p>Gu\u00f0n\u00fd studied church music at the Danish Royal Academy for Music in Copenhagen. After her studies in Copenhagen she was the organist at the church of the Danish congregation in Paris and studied organ-playing.&nbsp;<\/p>\n<p>Gu\u00f0n\u00fd has given many concerts at home and abroad and performed as a soloist, accompanist and conductor. She is now the resident organist at H\u00e1teigskirkja in Reykjav\u00edk.&nbsp;<\/p>\n<p><strong>Thursday August 8th at 12 pm<\/strong><\/p>\n<p><strong>Felix Mendelssohn 1809-1847<\/strong>&nbsp;<\/p>\n<p>S\u00f3nata \u00ed B-d\u00far op. 65 nr. 4 Allegro con brio&nbsp;<\/p>\n<p>Andante religioso Allegretto Allegro maestoso&nbsp;<\/p>\n<p><strong>Atli Heimir Sveinsson 1938-2019&nbsp;<\/strong><\/p>\n<p>Intermezzo \u00far Dimmalimm&nbsp;<\/p>\n<p><strong>B\u00e1ra Gr\u00edmsd\u00f3ttir 1960-&nbsp;<\/strong><\/p>\n<p>Engladans&nbsp;<\/p>\n<p><strong>J\u00f3n Nordal 1926-&nbsp;<\/strong><\/p>\n<p>Tokkata<\/p>\n","protected":false},"excerpt":{"rendered":"<p>International Organ Summer in Hallgr\u00edmskirkja&nbsp; Thursday 8. August at 12:00 &#8211; 12:30&nbsp; Gu\u00f0n\u00fd Einarsd\u00f3ttir organisti H\u00e1teigskirkja church performs pieces by Felix Mendelssohn, Atli Heimir Sveinsson, B\u00e1ra<span class=\"excerpt-hellip\"> [\u2026]<\/span><\/p>\n","protected":false},"author":5,"featured_media":4905,"comment_status":"closed","ping_status":"open","sticky":false,"template":"","format":"standard","meta":{"ngg_post_thumbnail":0,"footnotes":""},"categories":[7],"tags":[],"class_list":["post-4908","post","type-post","status-publish","format-standard","has-post-thumbnail","hentry","category-news"],"_links":{"self":[{"href":"https:\/\/listvinafelag.is\/en\/wp-json\/wp\/v2\/posts\/4908","targetHints":{"allow":["GET"]}}],"collection":[{"href":"https:\/\/listvinafelag.is\/en\/wp-json\/wp\/v2\/posts"}],"about":[{"href":"https:\/\/listvinafelag.is\/en\/wp-json\/wp\/v2\/types\/post"}],"author":[{"embeddable":true,"href":"https:\/\/listvinafelag.is\/en\/wp-json\/wp\/v2\/users\/5"}],"replies":[{"embeddable":true,"href":"https:\/\/listvinafelag.is\/en\/wp-json\/wp\/v2\/comments?post=4908"}],"version-history":[{"count":0,"href":"https:\/\/listvinafelag.is\/en\/wp-json\/wp\/v2\/posts\/4908\/revisions"}],"wp:featuredmedia":[{"embeddable":true,"href":"https:\/\/listvinafelag.is\/en\/wp-json\/wp\/v2\/media\/4905"}],"wp:attachment":[{"href":"https:\/\/listvinafelag.is\/en\/wp-json\/wp\/v2\/media?parent=4908"}],"wp:term":[{"taxonomy":"category","embeddable":true,"href":"https:\/\/listvinafelag.is\/en\/wp-json\/wp\/v2\/categories?post=4908"},{"taxonomy":"post_tag","embeddable":true,"href":"https:\/\/listvinafelag.is\/en\/wp-json\/wp\/v2\/tags?post=4908"}],"curies":[{"name":"wp","href":"https:\/\/api.w.org\/{rel}","templated":true}]}}