{"id":4895,"date":"2019-07-30T10:11:13","date_gmt":"2019-07-30T10:11:13","guid":{"rendered":"http:\/\/listvinafelag.is\/?p=4895"},"modified":"2019-07-30T10:19:11","modified_gmt":"2019-07-30T10:19:11","slug":"steinar-logi-helgason-icelandic-concert-organist-performs-pieces-by-hafsteinn-thorolfsson-with-singers-hafsteinn-thorolfsson-fjolnir-olafsson-and-orn-ymir-arason","status":"publish","type":"post","link":"https:\/\/listvinafelag.is\/en\/steinar-logi-helgason-icelandic-concert-organist-performs-pieces-by-hafsteinn-thorolfsson-with-singers-hafsteinn-thorolfsson-fjolnir-olafsson-and-orn-ymir-arason\/","title":{"rendered":"Steinar Logi Helgason Icelandic concert organist performs pieces by Hafsteinn \u00de\u00f3r\u00f3lfsson with singers Hafsteinn \u00de\u00f3r\u00f3lfsson, Fj\u00f6lnir \u00d3lafsson and \u00d6rn \u00ddmir Arason"},"content":{"rendered":"<p>International Organ Summer in Hallgr\u00edmskirkja&nbsp;<\/p>\n<p>Thursday 1. August at 12:00 &#8211; 12:30<\/p>\n<p>Steinar Logi Helgason Icelandic concert organist performs pieces by Hafsteinn \u00de\u00f3r\u00f3lfsson with singers Hafsteinn \u00de\u00f3r\u00f3lfsson, Fj\u00f6lnir \u00d3lafsson and \u00d6rn \u00ddmir Arason.<\/p>\n<p>Tickets 2500 ISK<\/p>\n<div id=\"attachment_4893\" style=\"width: 510px\" class=\"wp-caption aligncenter\"><a href=\"https:\/\/listvinafelag.is\/wp-content\/uploads\/2019\/07\/SteinarLogiAO.jpg\" rel=\"lightbox[4895]\"><img loading=\"lazy\" decoding=\"async\" aria-describedby=\"caption-attachment-4893\" class=\"wp-image-4893\" src=\"https:\/\/listvinafelag.is\/wp-content\/uploads\/2019\/07\/SteinarLogiAO.jpg\" alt=\"Steinar Logi Helgason\" width=\"500\" height=\"451\" srcset=\"https:\/\/listvinafelag.is\/wp-content\/uploads\/2019\/07\/SteinarLogiAO.jpg 656w, https:\/\/listvinafelag.is\/wp-content\/uploads\/2019\/07\/SteinarLogiAO-300x271.jpg 300w, https:\/\/listvinafelag.is\/wp-content\/uploads\/2019\/07\/SteinarLogiAO-162x146.jpg 162w, https:\/\/listvinafelag.is\/wp-content\/uploads\/2019\/07\/SteinarLogiAO-50x45.jpg 50w, https:\/\/listvinafelag.is\/wp-content\/uploads\/2019\/07\/SteinarLogiAO-576x520.jpg 576w, https:\/\/listvinafelag.is\/wp-content\/uploads\/2019\/07\/SteinarLogiAO-83x75.jpg 83w\" sizes=\"auto, (max-width:767px) 480px, 500px\" \/><\/a><p id=\"caption-attachment-4893\" class=\"wp-caption-text\">Steinar Logi Helgason<\/p><\/div>\n<p><strong>Steinar Logi Helgason <\/strong>(b.1990) studied piano in the Reykjavi\u0301k Music School&nbsp;and the New music school under the tutelage of Jo\u0301nas Sen and in The Reykjavi\u0301k Collage of Music with Anna \u00deorgri\u0301msdo\u0301ttir. He started his studies&nbsp;in the Icelandic Church Music School in 2010 where he finished a Church organist degree before moving onto his Bachelor\u2019s degree in the Iceland Academy of the Arts, where Bjo\u0308rn Steinar So\u0301lbergsson was his main teacher. During the semester 2016-2017, Steinar attended the graduate course in Church music at the Royal Danish Academy of Music. Steinar has in his career conducted a number of choirs as well as having performed as a pianist, organist and conductor in various settings. Steinar is currently enrolled in the master\u2019s program in Ensemble Conducting at the Royal Danish Academy of Music<\/p>\n<div id=\"attachment_4890\" style=\"width: 510px\" class=\"wp-caption aligncenter\"><a href=\"https:\/\/listvinafelag.is\/wp-content\/uploads\/2019\/07\/hafsteinn-thorolfsson.jpg\" rel=\"lightbox[4895]\"><img loading=\"lazy\" decoding=\"async\" aria-describedby=\"caption-attachment-4890\" class=\"wp-image-4890\" src=\"https:\/\/listvinafelag.is\/wp-content\/uploads\/2019\/07\/hafsteinn-thorolfsson-1024x683.jpg\" alt=\"Hafsteinn \u00deo\u0301ro\u0301lfsson\" width=\"500\" height=\"333\" srcset=\"https:\/\/listvinafelag.is\/wp-content\/uploads\/2019\/07\/hafsteinn-thorolfsson-1024x683.jpg 1024w, https:\/\/listvinafelag.is\/wp-content\/uploads\/2019\/07\/hafsteinn-thorolfsson-300x200.jpg 300w, https:\/\/listvinafelag.is\/wp-content\/uploads\/2019\/07\/hafsteinn-thorolfsson-768x512.jpg 768w, https:\/\/listvinafelag.is\/wp-content\/uploads\/2019\/07\/hafsteinn-thorolfsson-219x146.jpg 219w, https:\/\/listvinafelag.is\/wp-content\/uploads\/2019\/07\/hafsteinn-thorolfsson-50x33.jpg 50w, https:\/\/listvinafelag.is\/wp-content\/uploads\/2019\/07\/hafsteinn-thorolfsson-576x384.jpg 576w, https:\/\/listvinafelag.is\/wp-content\/uploads\/2019\/07\/hafsteinn-thorolfsson-113x75.jpg 113w, https:\/\/listvinafelag.is\/wp-content\/uploads\/2019\/07\/hafsteinn-thorolfsson.jpg 1200w\" sizes=\"auto, (max-width:767px) 480px, 500px\" \/><\/a><p id=\"caption-attachment-4890\" class=\"wp-caption-text\">Hafsteinn \u00deo\u0301ro\u0301lfsson<\/p><\/div>\n<p>The Icelandic singer and composer <strong>Hafsteinn Thorolfsson<\/strong> studied at the&nbsp;Guildhall School of Music &amp; Drama in London, graduating with a MMus degree in vocal music performance in 2005. He finished his BMus degree in composition from The Iceland Academy of the Arts in 2011 and his MMus degree in composition at the Royal Academy of Music in Aarhus in 2015.&nbsp;Hafsteinn has performed a wide selection of musical genres in Iceland and&nbsp;all over Europe, North America, China and Japan and his compositions&nbsp;have been performed in festivals in Iceland, Denmark, Norway, Sweden and Germany.<\/p>\n<p>Hafsteins choral composition Det d\u00f8ende barn to H.C. Andersens poem&nbsp;was premiered by Concert Clemens Aarhus at the Nordic music days in<\/p>\n<p>Copenhagen in 2015. Bornholm is originally a six piece cycle for 3 sopranos&nbsp;and organ which was commissioned by the group Tirilil for their concert tour<\/p>\n<p>of Bornholm in 2016.<\/p>\n<div id=\"attachment_4889\" style=\"width: 510px\" class=\"wp-caption aligncenter\"><a href=\"https:\/\/listvinafelag.is\/wp-content\/uploads\/2019\/07\/fjolnir-sh.jpg\" rel=\"lightbox[4895]\"><img loading=\"lazy\" decoding=\"async\" aria-describedby=\"caption-attachment-4889\" class=\"wp-image-4889\" src=\"https:\/\/listvinafelag.is\/wp-content\/uploads\/2019\/07\/fjolnir-sh-683x1024.jpg\" alt=\"Fjo\u0308lnir O\u0301lafsson\" width=\"500\" height=\"750\" srcset=\"https:\/\/listvinafelag.is\/wp-content\/uploads\/2019\/07\/fjolnir-sh-683x1024.jpg 683w, https:\/\/listvinafelag.is\/wp-content\/uploads\/2019\/07\/fjolnir-sh-200x300.jpg 200w, https:\/\/listvinafelag.is\/wp-content\/uploads\/2019\/07\/fjolnir-sh-768x1152.jpg 768w, https:\/\/listvinafelag.is\/wp-content\/uploads\/2019\/07\/fjolnir-sh-97x146.jpg 97w, https:\/\/listvinafelag.is\/wp-content\/uploads\/2019\/07\/fjolnir-sh-33x50.jpg 33w, https:\/\/listvinafelag.is\/wp-content\/uploads\/2019\/07\/fjolnir-sh-576x864.jpg 576w, https:\/\/listvinafelag.is\/wp-content\/uploads\/2019\/07\/fjolnir-sh-50x75.jpg 50w, https:\/\/listvinafelag.is\/wp-content\/uploads\/2019\/07\/fjolnir-sh.jpg 800w\" sizes=\"auto, (max-width:767px) 480px, 500px\" \/><\/a><p id=\"caption-attachment-4889\" class=\"wp-caption-text\">Fjo\u0308lnir O\u0301lafsson<\/p><\/div>\n<p>Baritone<strong> Fjo\u0308lnir O\u0301lafsson <\/strong>commenced his singing studies in 2008 at the Reykjavik&nbsp;College of Music, after having trained as a Classical Guitarist from an early age. He&nbsp;then studied at the Hochschule fu\u0308r Musik Saar, graduating in 2014.&nbsp;Fjo\u0308lnir has appeared on numerous occasions on the concert platform in Germany&nbsp;and Iceland, in Brahms Requiem and Bach\u2019s St Matthew Passion to name but a few.&nbsp;At the Saarla\u0308ndische Staatstheater he has appeared in numerous productions, such&nbsp;as \u201cTosca\u201d and \u201cMacbeth\u201d.&nbsp;Fjo\u0308lnir has taken part in the \u201cLiedakademie des Heidelberger Fru\u0308hling\u201d, where&nbsp;he participated in Masterclasses with Thomas Hampson, Thomas Quastoff and Wolfram Rieger. He is a prizewinner in the \u201cInternational Joseph Suder Wettbewerb 2012\u201d and has been the recipient of numerous awards and grants, including the Walter und Charlotte Hamel Stiftung 2013 and the Icelandic Rotary Prize 2013. In 2013 he recieved the Newcomer of the Year award at the Iceland Music Awards 2013.<\/p>\n<div id=\"attachment_4892\" style=\"width: 510px\" class=\"wp-caption aligncenter\"><a href=\"https:\/\/listvinafelag.is\/wp-content\/uploads\/2019\/07\/orn-ymir.jpg\" rel=\"lightbox[4895]\"><img loading=\"lazy\" decoding=\"async\" aria-describedby=\"caption-attachment-4892\" class=\"wp-image-4892\" src=\"https:\/\/listvinafelag.is\/wp-content\/uploads\/2019\/07\/orn-ymir-1024x1024.jpg\" alt=\"O\u0308rn Y\u0301mir Arason\" width=\"500\" height=\"500\" srcset=\"https:\/\/listvinafelag.is\/wp-content\/uploads\/2019\/07\/orn-ymir-1024x1024.jpg 1024w, https:\/\/listvinafelag.is\/wp-content\/uploads\/2019\/07\/orn-ymir-150x150.jpg 150w, https:\/\/listvinafelag.is\/wp-content\/uploads\/2019\/07\/orn-ymir-300x300.jpg 300w, https:\/\/listvinafelag.is\/wp-content\/uploads\/2019\/07\/orn-ymir-768x769.jpg 768w, https:\/\/listvinafelag.is\/wp-content\/uploads\/2019\/07\/orn-ymir-146x146.jpg 146w, https:\/\/listvinafelag.is\/wp-content\/uploads\/2019\/07\/orn-ymir-50x50.jpg 50w, https:\/\/listvinafelag.is\/wp-content\/uploads\/2019\/07\/orn-ymir-576x577.jpg 576w, https:\/\/listvinafelag.is\/wp-content\/uploads\/2019\/07\/orn-ymir-80x80.jpg 80w, https:\/\/listvinafelag.is\/wp-content\/uploads\/2019\/07\/orn-ymir-85x85.jpg 85w, https:\/\/listvinafelag.is\/wp-content\/uploads\/2019\/07\/orn-ymir-75x75.jpg 75w, https:\/\/listvinafelag.is\/wp-content\/uploads\/2019\/07\/orn-ymir.jpg 1067w\" sizes=\"auto, (max-width:767px) 480px, 500px\" \/><\/a><p id=\"caption-attachment-4892\" class=\"wp-caption-text\">O\u0308rn Y\u0301mir Arason<\/p><\/div>\n<p><strong>O\u0308rn Y\u0301mir Arason <\/strong>was born in Reykjavik in May 1988. At an early age he started&nbsp;singing in a choir and studying the double bass. O\u0308rn studied composition at the&nbsp;Icelandic Academy of the Arts and finished his degree in June 2014. There he&nbsp;also studied singing and is a member of the professional Reykjavikcensis Schola Cantorum choir in Hallgrimskirkja. O\u0308rn has composed for various dance artists&nbsp;in Iceland, chamber groups, choirs and for the National Theater in Reykjavik as well. He now lives in Reykjavik where he works as a singer, double bass player and composer.<\/p>\n<p>&nbsp;<\/p>\n<p><strong>Thursday August 1st&nbsp;at 12 noon<\/strong><\/p>\n<p><strong>Hafsteinn \u00deo\u0301ro\u0301lfsson 1977-<\/strong><\/p>\n<p>\u00deytur u\u0301r nor\u00f0ri \/ Tempest from the North (2014)&nbsp;<\/p>\n<p>I &#8211; \u00dea\u0301 sa\u0301 e\u0301g hvassvi\u00f0ri koma<\/p>\n<p>II &#8211; Keru\u0301barnir<\/p>\n<p>&nbsp;<\/p>\n<p>Bornholm (2016)<\/p>\n<p>I\u0301sland \/ Iceland Skuggaskil \/ Equinox Sunnan \/ Sol<br \/>\nRju\u0301pan \/ Rock ptarmigan<\/p>\n","protected":false},"excerpt":{"rendered":"<p>International Organ Summer in Hallgr\u00edmskirkja&nbsp; Thursday 1. August at 12:00 &#8211; 12:30 Steinar Logi Helgason Icelandic concert organist performs pieces by Hafsteinn \u00de\u00f3r\u00f3lfsson with singers Hafsteinn<span class=\"excerpt-hellip\"> [\u2026]<\/span><\/p>\n","protected":false},"author":5,"featured_media":4897,"comment_status":"closed","ping_status":"open","sticky":false,"template":"","format":"standard","meta":{"ngg_post_thumbnail":0,"footnotes":""},"categories":[7,1],"tags":[],"class_list":["post-4895","post","type-post","status-publish","format-standard","has-post-thumbnail","hentry","category-news","category-uncategorized"],"_links":{"self":[{"href":"https:\/\/listvinafelag.is\/en\/wp-json\/wp\/v2\/posts\/4895","targetHints":{"allow":["GET"]}}],"collection":[{"href":"https:\/\/listvinafelag.is\/en\/wp-json\/wp\/v2\/posts"}],"about":[{"href":"https:\/\/listvinafelag.is\/en\/wp-json\/wp\/v2\/types\/post"}],"author":[{"embeddable":true,"href":"https:\/\/listvinafelag.is\/en\/wp-json\/wp\/v2\/users\/5"}],"replies":[{"embeddable":true,"href":"https:\/\/listvinafelag.is\/en\/wp-json\/wp\/v2\/comments?post=4895"}],"version-history":[{"count":0,"href":"https:\/\/listvinafelag.is\/en\/wp-json\/wp\/v2\/posts\/4895\/revisions"}],"wp:featuredmedia":[{"embeddable":true,"href":"https:\/\/listvinafelag.is\/en\/wp-json\/wp\/v2\/media\/4897"}],"wp:attachment":[{"href":"https:\/\/listvinafelag.is\/en\/wp-json\/wp\/v2\/media?parent=4895"}],"wp:term":[{"taxonomy":"category","embeddable":true,"href":"https:\/\/listvinafelag.is\/en\/wp-json\/wp\/v2\/categories?post=4895"},{"taxonomy":"post_tag","embeddable":true,"href":"https:\/\/listvinafelag.is\/en\/wp-json\/wp\/v2\/tags?post=4895"}],"curies":[{"name":"wp","href":"https:\/\/api.w.org\/{rel}","templated":true}]}}