{"id":4367,"date":"2018-07-26T10:44:30","date_gmt":"2018-07-26T10:44:30","guid":{"rendered":"http:\/\/listvinafelag.is\/?p=4367"},"modified":"2018-07-26T10:44:30","modified_gmt":"2018-07-26T10:44:30","slug":"lara-bryndis-eggertsdottir-organist-gives-a-concert-at-the-international-organ-summer-in-hallgrimskirkja-on-thursday-26-july","status":"publish","type":"post","link":"https:\/\/listvinafelag.is\/en\/lara-bryndis-eggertsdottir-organist-gives-a-concert-at-the-international-organ-summer-in-hallgrimskirkja-on-thursday-26-july\/","title":{"rendered":"L\u00e1ra Brynd\u00eds Eggertsd\u00f3ttir organist gives a concert at the International Organ Summer in Hallgr\u00edmskirkja on Thursday 26. July"},"content":{"rendered":"<p>L\u00e1ra Brynd\u00eds Eggertsd\u00f3ttir completed her soloist diploma from the National Church School of Music under the guidance of H\u00f6r\u00f0ur \u00c1skelsson. She recently moved back to Iceland after living in Denmark for 10 years where she pursued further studies (Cand. Mus.) at the Aarhus Royal Academy of Music. The past 5 years she held the position of organist at S\u00f8nderbro Church in Horsens and has also been the principal harpsichordist of the professional baroque ensemble BaroqueAros in Aarhus.<\/p>\n<p>Thursday 26. July at 12:00: L\u00e1ra Brynd\u00eds Eggertsd\u00f3ttir plays pieces by G. Piern\u00e9 og Bedrich Smetana (Moldau). &nbsp;Entrance ISK 2.000.&nbsp;<\/p>\n<p>Programme:<\/p>\n<p>Gabriel Piern\u00e9 1863\u20121937 Trois Pi\u00e8ces, op. 29<br \/>\nPr\u00e9lude<br \/>\nCantil\u00e8ne<br \/>\nScherzando<\/p>\n<p>Bed\u0159ich Smetana 1824\u2012-1884 Vltava \/ The Moldau<br \/>\nTrans.: Barbara Bannasch \/ LBE<\/p>\n<p>Tickets are sold in the church one hour before the concert and also online on&nbsp;<a href=\"http:\/\/www.midi.is\" target=\"_blank\" rel=\"noopener\">www.midi.is<\/a><\/p>\n","protected":false},"excerpt":{"rendered":"<p>L\u00e1ra Brynd\u00eds Eggertsd\u00f3ttir completed her soloist diploma from the National Church School of Music under the guidance of H\u00f6r\u00f0ur \u00c1skelsson. She recently moved back to Iceland<span class=\"excerpt-hellip\"> [\u2026]<\/span><\/p>\n","protected":false},"author":5,"featured_media":4365,"comment_status":"closed","ping_status":"open","sticky":false,"template":"","format":"standard","meta":{"ngg_post_thumbnail":0,"footnotes":""},"categories":[7,1],"tags":[],"class_list":["post-4367","post","type-post","status-publish","format-standard","has-post-thumbnail","hentry","category-news","category-uncategorized"],"_links":{"self":[{"href":"https:\/\/listvinafelag.is\/en\/wp-json\/wp\/v2\/posts\/4367","targetHints":{"allow":["GET"]}}],"collection":[{"href":"https:\/\/listvinafelag.is\/en\/wp-json\/wp\/v2\/posts"}],"about":[{"href":"https:\/\/listvinafelag.is\/en\/wp-json\/wp\/v2\/types\/post"}],"author":[{"embeddable":true,"href":"https:\/\/listvinafelag.is\/en\/wp-json\/wp\/v2\/users\/5"}],"replies":[{"embeddable":true,"href":"https:\/\/listvinafelag.is\/en\/wp-json\/wp\/v2\/comments?post=4367"}],"version-history":[{"count":0,"href":"https:\/\/listvinafelag.is\/en\/wp-json\/wp\/v2\/posts\/4367\/revisions"}],"wp:featuredmedia":[{"embeddable":true,"href":"https:\/\/listvinafelag.is\/en\/wp-json\/wp\/v2\/media\/4365"}],"wp:attachment":[{"href":"https:\/\/listvinafelag.is\/en\/wp-json\/wp\/v2\/media?parent=4367"}],"wp:term":[{"taxonomy":"category","embeddable":true,"href":"https:\/\/listvinafelag.is\/en\/wp-json\/wp\/v2\/categories?post=4367"},{"taxonomy":"post_tag","embeddable":true,"href":"https:\/\/listvinafelag.is\/en\/wp-json\/wp\/v2\/tags?post=4367"}],"curies":[{"name":"wp","href":"https:\/\/api.w.org\/{rel}","templated":true}]}}