{"id":4339,"date":"2018-06-28T14:55:19","date_gmt":"2018-06-28T14:55:19","guid":{"rendered":"http:\/\/listvinafelag.is\/?p=4339"},"modified":"2018-06-28T14:58:12","modified_gmt":"2018-06-28T14:58:12","slug":"international-organ-summer-2018-extra-concert-with-los-angeles-childrens-chorus-lacc-monday-july-2-at-8-pm","status":"publish","type":"post","link":"https:\/\/listvinafelag.is\/en\/international-organ-summer-2018-extra-concert-with-los-angeles-childrens-chorus-lacc-monday-july-2-at-8-pm\/","title":{"rendered":"International Organ Summer 2018: Extra concert with Los Angeles Children\u2019s Chorus LACC Monday July 2 at 8 pm"},"content":{"rendered":"<p><strong>Extra concert with Los Angeles Children\u2019s Chorus LACC July 2 at 8 pm.<\/strong><\/p>\n<p>Los Angeles Children\u2019s Chorus LACC, widely recognized for its agile bel canto sound and artistic excellence, has been lauded as \u201chauntingly beautiful\u201d (Los Angeles Times), \u201castonishingly polished\u201d (Performances Magazine), \u201cextraordinary in its abilities\u201d (Culture Spot LA), and \u201cone of the world\u2019s foremost children\u2019s choirs\u201d (Pasadena Star News).<\/p>\n<p>Founded in 1986 and led by Artistic Director Anne Tomlinson since 1996, Los Angeles Children\u2019s Chorus (LACC) presents its own concerts and also performs with such leading organizations as LA Opera, Los Angeles Philharmonic, Hollywood Bowl Orchestra, Los Angeles Master Chorale, Los Angeles Chamber Orchestra, Pasadena Symphony and POPS.<\/p>\n<p style=\"text-align: center;\"><a href=\"https:\/\/listvinafelag.is\/wp-content\/uploads\/2018\/06\/lacc-jamie-pham-2.jpg\" rel=\"lightbox[4339]\"><img loading=\"lazy\" decoding=\"async\" class=\"aligncenter size-large wp-image-4335\" src=\"https:\/\/listvinafelag.is\/wp-content\/uploads\/2018\/06\/lacc-jamie-pham-2-1024x684.jpg\" alt=\"Los Angeles Children's Chorus\" width=\"1024\" height=\"684\" srcset=\"https:\/\/listvinafelag.is\/wp-content\/uploads\/2018\/06\/lacc-jamie-pham-2-1024x684.jpg 1024w, https:\/\/listvinafelag.is\/wp-content\/uploads\/2018\/06\/lacc-jamie-pham-2-300x200.jpg 300w, https:\/\/listvinafelag.is\/wp-content\/uploads\/2018\/06\/lacc-jamie-pham-2-768x513.jpg 768w, https:\/\/listvinafelag.is\/wp-content\/uploads\/2018\/06\/lacc-jamie-pham-2-219x146.jpg 219w, https:\/\/listvinafelag.is\/wp-content\/uploads\/2018\/06\/lacc-jamie-pham-2-50x33.jpg 50w, https:\/\/listvinafelag.is\/wp-content\/uploads\/2018\/06\/lacc-jamie-pham-2-576x384.jpg 576w, https:\/\/listvinafelag.is\/wp-content\/uploads\/2018\/06\/lacc-jamie-pham-2-112x75.jpg 112w, https:\/\/listvinafelag.is\/wp-content\/uploads\/2018\/06\/lacc-jamie-pham-2.jpg 1200w\" sizes=\"auto, (max-width:767px) 480px, (max-width:1024px) 100vw, 1024px\" \/><\/a><\/p>\n<p>LACC, recipient of Chorus America\u2019s 2014 Margaret Hillis Award for Choral Excellence, the nation\u2019s highest choral honor, has toured North and South America, Africa, China, Cuba, Australia, New Zealand, Japan and Europe. The Hallgr\u00edmskirkja Friends of the Arts Society is proud to host this great choir in an extra concert at the International Organ Summer 2018. The Hallgrimskirkja Youth Ensemble (cond. \u00c1sa Valger\u00f0ur Sigur\u00f0ard\u00f3ttir) will also perform 2 songs together with the LACC.<\/p>\n<p>Anne Tomlinson has served as the Artistic Director of Los Angeles Children\u2019s Chorus since 1996, overseeing the educational and artistic development of the Chorus and conducting LACC\u2019s renowned Concert Choir and Chamber Singers. She is also Children\u2019s Chorus Mistress for LA Opera. Tomlinson is a frequent guest conductor and presenter at symposia, workshops and festivals nationally and internationally.<br \/>\nShe has received many Awards for her outstanding work as teacher and conductor. Tomlinson is stepping down from Los Angeles Children\u2019s Chorus 2018, after 22 years of leading the organization to unprecedented growth and artistic excellence.<\/p>\n<p>SELECTED QUOTES<br \/>\n\u201cWhen it comes to purity of tone, hauntingly beautiful timbre and the ability to transport listeners to a kind of aural nirvana, the Los Angeles Children&#8217;s Chorus occupies a special place in LA&#8217;s musical life.\u201d &#8211; Los Angeles Times<\/p>\n<p>\u201cThe Los Angeles Children&#8217;s Chorus is impeccably prepared, absolutely committed and fun to work with. It\u2019s the best children&#8217;s chorus I have ever heard.\u201d- Esa-Pekka Salonen, composer<\/p>\n<p>\u201cIt&#8217;s a wonderful, wonderful chorus\u2026 they sing so well and bring happiness and something beautiful to the opera.\u201d- Placido Domingo, LA Opera General Director<\/p>\n<p>\u201cIn all collaboration the children&#8217;s chorus was outstanding\u2026 their professionalism, high level of character and personality and depth of preparation.\u201d &#8211; Kent Nagano<\/p>\n<p>Website: <a href=\"http:\/\/www.lachildrenschorus.org\/\" target=\"_blank\" rel=\"noopener\">www.lachildrenschorus.org<\/a><\/p>\n<p>V\u00eddeos: <a href=\"http:\/\/www.youtube.com\/user\/LAChildrensChorus\" target=\"_blank\" rel=\"noopener\">www.youtube.com\/LAChildrensChorus<\/a><\/p>\n<p>Admission: ISK 2500- free admission for children. Ticket sale at the entrance one hour before the concert and online on midi.is.<\/p>\n<p><strong>Los Angeles Children\u2019s Chorus<\/strong><\/p>\n<p><strong>Concert Choir Touring Ensemble &#8211; <\/strong><strong>Repertoire Iceland\/Norway 2018<\/strong><\/p>\n<p>Jesus bleibet Meine Freude from Cantata #147)&nbsp;&nbsp;&nbsp;&nbsp;&nbsp;&nbsp;&nbsp;&nbsp;&nbsp;&nbsp;&nbsp;&nbsp;&nbsp;&nbsp;&nbsp;&nbsp;&nbsp;&nbsp;&nbsp;&nbsp;&nbsp;&nbsp;&nbsp;&nbsp;&nbsp;&nbsp;&nbsp;&nbsp;&nbsp;&nbsp;&nbsp;&nbsp; &nbsp;&nbsp;J.S. Bach<\/p>\n<p>Even When He is Silent&nbsp;&nbsp;&nbsp;&nbsp;&nbsp;&nbsp;&nbsp;&nbsp;&nbsp;&nbsp;&nbsp;&nbsp;&nbsp;&nbsp;&nbsp;&nbsp;&nbsp;&nbsp;&nbsp;&nbsp;&nbsp;&nbsp;&nbsp;&nbsp;&nbsp;&nbsp;&nbsp;&nbsp;&nbsp;&nbsp;&nbsp;&nbsp;&nbsp;&nbsp;&nbsp;&nbsp;&nbsp;&nbsp;&nbsp;&nbsp;&nbsp;&nbsp;&nbsp;&nbsp;&nbsp;&nbsp;&nbsp;&nbsp;&nbsp;&nbsp;&nbsp;&nbsp;&nbsp;&nbsp; &nbsp;&nbsp;&nbsp;&nbsp;&nbsp;&nbsp;&nbsp;&nbsp;&nbsp;&nbsp;&nbsp; A. Arnesen<\/p>\n<p>Ubi Caritas&nbsp;&nbsp;&nbsp;&nbsp;&nbsp;&nbsp;&nbsp;&nbsp;&nbsp;&nbsp;&nbsp;&nbsp;&nbsp;&nbsp;&nbsp;&nbsp;&nbsp;&nbsp;&nbsp;&nbsp;&nbsp;&nbsp;&nbsp;&nbsp;&nbsp;&nbsp;&nbsp;&nbsp;&nbsp;&nbsp;&nbsp;&nbsp;&nbsp;&nbsp;&nbsp;&nbsp;&nbsp;&nbsp;&nbsp;&nbsp;&nbsp;&nbsp;&nbsp;&nbsp;&nbsp;&nbsp;&nbsp;&nbsp;&nbsp;&nbsp;&nbsp;&nbsp;&nbsp;&nbsp;&nbsp;&nbsp;&nbsp;&nbsp;&nbsp;&nbsp;&nbsp;&nbsp;&nbsp;&nbsp;&nbsp;&nbsp;&nbsp;&nbsp;&nbsp;&nbsp;&nbsp;&nbsp;&nbsp;&nbsp;&nbsp;&nbsp;&nbsp;&nbsp;&nbsp;&nbsp;&nbsp;&nbsp;&nbsp;&nbsp;&nbsp;&nbsp; O. Gjeilo<\/p>\n<p>Gloria Tibi <em>from MASS&nbsp;&nbsp;&nbsp;&nbsp;&nbsp;&nbsp;&nbsp;&nbsp;&nbsp;&nbsp;&nbsp;&nbsp;&nbsp;&nbsp;&nbsp;&nbsp;&nbsp;&nbsp;&nbsp;&nbsp;&nbsp;&nbsp;&nbsp;&nbsp;&nbsp;&nbsp;&nbsp;&nbsp;&nbsp;&nbsp;&nbsp;&nbsp;&nbsp;&nbsp;&nbsp;&nbsp;&nbsp;&nbsp;&nbsp;&nbsp;&nbsp;&nbsp;&nbsp;&nbsp;&nbsp;&nbsp;&nbsp;&nbsp;&nbsp;&nbsp;&nbsp;&nbsp;&nbsp;&nbsp;&nbsp;&nbsp;&nbsp;&nbsp;&nbsp;&nbsp;&nbsp;&nbsp;&nbsp;&nbsp;&nbsp;&nbsp;&nbsp;&nbsp;&nbsp;&nbsp;&nbsp;&nbsp;&nbsp;&nbsp;&nbsp;&nbsp;&nbsp;&nbsp; <\/em>L. Bernstein<\/p>\n<p>L\u2019dor vador&nbsp;&nbsp;&nbsp;&nbsp;&nbsp;&nbsp;&nbsp;&nbsp;&nbsp;&nbsp;&nbsp;&nbsp;&nbsp;&nbsp;&nbsp;&nbsp;&nbsp;&nbsp;&nbsp;&nbsp;&nbsp;&nbsp;&nbsp;&nbsp;&nbsp;&nbsp;&nbsp;&nbsp;&nbsp;&nbsp;&nbsp;&nbsp;&nbsp;&nbsp;&nbsp;&nbsp;&nbsp;&nbsp;&nbsp;&nbsp;&nbsp;&nbsp;&nbsp;&nbsp;&nbsp;&nbsp;&nbsp;&nbsp;&nbsp;&nbsp;&nbsp;&nbsp;&nbsp;&nbsp;&nbsp;&nbsp;&nbsp;&nbsp;&nbsp;&nbsp;&nbsp;&nbsp;&nbsp;&nbsp;&nbsp;&nbsp;&nbsp;&nbsp;&nbsp;&nbsp;&nbsp;&nbsp;&nbsp;&nbsp;&nbsp;&nbsp;&nbsp;&nbsp;&nbsp;&nbsp;&nbsp;&nbsp;&nbsp;&nbsp;&nbsp;&nbsp; M. Finkelstein<\/p>\n<p>Come Ye Makers of Song&nbsp;&nbsp;&nbsp;&nbsp;&nbsp;&nbsp;&nbsp;&nbsp;&nbsp;&nbsp;&nbsp;&nbsp;&nbsp;&nbsp;&nbsp;&nbsp;&nbsp;&nbsp;&nbsp;&nbsp;&nbsp;&nbsp;&nbsp;&nbsp;&nbsp;&nbsp;&nbsp;&nbsp;&nbsp;&nbsp;&nbsp;&nbsp;&nbsp;&nbsp;&nbsp;&nbsp;&nbsp;&nbsp;&nbsp;&nbsp;&nbsp;&nbsp;&nbsp;&nbsp;&nbsp;&nbsp;&nbsp;&nbsp;&nbsp;&nbsp;&nbsp;&nbsp;&nbsp;&nbsp;&nbsp;&nbsp;&nbsp;&nbsp;&nbsp;&nbsp;&nbsp;&nbsp;&nbsp; R.W. Henderson<\/p>\n<p>Come Let\u2019s Be Merry&nbsp;&nbsp;&nbsp;&nbsp;&nbsp;&nbsp;&nbsp;&nbsp;&nbsp;&nbsp;&nbsp;&nbsp;&nbsp;&nbsp;&nbsp;&nbsp;&nbsp;&nbsp;&nbsp;&nbsp;&nbsp;&nbsp;&nbsp;&nbsp;&nbsp;&nbsp;&nbsp;&nbsp;&nbsp;&nbsp;&nbsp;&nbsp;&nbsp;&nbsp;&nbsp;&nbsp;&nbsp;&nbsp;&nbsp;&nbsp;&nbsp;&nbsp;&nbsp;&nbsp;&nbsp;&nbsp;&nbsp;&nbsp;&nbsp;&nbsp;&nbsp;&nbsp;&nbsp;&nbsp;&nbsp;&nbsp;&nbsp;&nbsp;&nbsp;&nbsp;&nbsp;&nbsp;&nbsp;&nbsp;&nbsp;&nbsp;&nbsp;&nbsp;&nbsp;&nbsp; J. Mulholland<\/p>\n<p>Noel des enfants&nbsp;&nbsp;&nbsp;&nbsp;&nbsp;&nbsp;&nbsp;&nbsp;&nbsp;&nbsp;&nbsp;&nbsp;&nbsp;&nbsp;&nbsp;&nbsp;&nbsp;&nbsp;&nbsp;&nbsp;&nbsp;&nbsp;&nbsp;&nbsp;&nbsp;&nbsp;&nbsp;&nbsp;&nbsp;&nbsp;&nbsp;&nbsp;&nbsp;&nbsp;&nbsp;&nbsp;&nbsp;&nbsp;&nbsp;&nbsp;&nbsp;&nbsp;&nbsp;&nbsp;&nbsp;&nbsp;&nbsp;&nbsp;&nbsp;&nbsp;&nbsp;&nbsp;&nbsp;&nbsp;&nbsp;&nbsp;&nbsp;&nbsp;&nbsp;&nbsp;&nbsp;&nbsp;&nbsp;&nbsp;&nbsp;&nbsp;&nbsp;&nbsp;&nbsp;&nbsp;&nbsp;&nbsp;&nbsp;&nbsp;&nbsp;&nbsp;&nbsp;&nbsp; C. Debussy<\/p>\n<p>Breathe in Hope&nbsp;&nbsp;&nbsp;&nbsp;&nbsp;&nbsp;&nbsp;&nbsp;&nbsp;&nbsp;&nbsp;&nbsp;&nbsp;&nbsp;&nbsp;&nbsp;&nbsp;&nbsp;&nbsp;&nbsp;&nbsp;&nbsp;&nbsp;&nbsp;&nbsp;&nbsp;&nbsp;&nbsp;&nbsp;&nbsp;&nbsp;&nbsp;&nbsp;&nbsp;&nbsp;&nbsp;&nbsp;&nbsp;&nbsp;&nbsp;&nbsp;&nbsp;&nbsp;&nbsp;&nbsp;&nbsp;&nbsp;&nbsp;&nbsp;&nbsp;&nbsp;&nbsp;&nbsp;&nbsp;&nbsp;&nbsp;&nbsp;&nbsp;&nbsp;&nbsp;&nbsp;&nbsp;&nbsp;&nbsp;&nbsp;&nbsp;&nbsp;&nbsp;&nbsp;&nbsp;&nbsp;&nbsp;&nbsp;&nbsp;&nbsp;&nbsp;&nbsp;&nbsp; D. Trumbore<\/p>\n<p>Varen&nbsp;&nbsp;&nbsp;&nbsp;&nbsp;&nbsp;&nbsp;&nbsp;&nbsp;&nbsp;&nbsp;&nbsp;&nbsp;&nbsp;&nbsp;&nbsp;&nbsp;&nbsp;&nbsp;&nbsp;&nbsp;&nbsp;&nbsp;&nbsp;&nbsp;&nbsp;&nbsp;&nbsp;&nbsp;&nbsp;&nbsp;&nbsp;&nbsp;&nbsp;&nbsp;&nbsp;&nbsp;&nbsp;&nbsp;&nbsp;&nbsp;&nbsp;&nbsp;&nbsp;&nbsp;&nbsp;&nbsp;&nbsp;&nbsp;&nbsp;&nbsp;&nbsp;&nbsp;&nbsp;&nbsp;&nbsp;&nbsp;&nbsp;&nbsp;&nbsp;&nbsp;&nbsp;&nbsp;&nbsp;&nbsp;&nbsp;&nbsp;&nbsp;&nbsp;&nbsp;&nbsp;&nbsp;&nbsp;&nbsp;&nbsp;&nbsp;&nbsp;&nbsp;&nbsp;&nbsp;&nbsp;&nbsp;&nbsp;&nbsp;&nbsp;&nbsp;&nbsp;&nbsp;&nbsp;&nbsp;&nbsp;&nbsp;&nbsp;&nbsp;&nbsp; E. Grieg<\/p>\n<p>Lok&nbsp;&nbsp;&nbsp;&nbsp;&nbsp;&nbsp;&nbsp;&nbsp;&nbsp;&nbsp;&nbsp;&nbsp;&nbsp;&nbsp;&nbsp;&nbsp;&nbsp;&nbsp;&nbsp;&nbsp;&nbsp;&nbsp;&nbsp;&nbsp;&nbsp;&nbsp;&nbsp;&nbsp;&nbsp;&nbsp;&nbsp;&nbsp;&nbsp;&nbsp;&nbsp;&nbsp;&nbsp;&nbsp;&nbsp;&nbsp;&nbsp;&nbsp;&nbsp;&nbsp;&nbsp;&nbsp;&nbsp;&nbsp;&nbsp;&nbsp;&nbsp;&nbsp;&nbsp;&nbsp;&nbsp;&nbsp;&nbsp;&nbsp;&nbsp;&nbsp;&nbsp;&nbsp;&nbsp;&nbsp;&nbsp;&nbsp;&nbsp;&nbsp;&nbsp;&nbsp;&nbsp;&nbsp;&nbsp;&nbsp;&nbsp;&nbsp;&nbsp;&nbsp;&nbsp;&nbsp;&nbsp;&nbsp;&nbsp;&nbsp;&nbsp;&nbsp;&nbsp;&nbsp;&nbsp;&nbsp;&nbsp;&nbsp;&nbsp;&nbsp;&nbsp;&nbsp;&nbsp;&nbsp;&nbsp; E. Grieg<\/p>\n<p>On suuri sun rantas autius&nbsp;&nbsp;&nbsp;&nbsp;&nbsp;&nbsp;&nbsp;&nbsp;&nbsp;&nbsp;&nbsp;&nbsp;&nbsp;&nbsp;&nbsp;&nbsp;&nbsp;&nbsp;&nbsp;&nbsp;&nbsp;&nbsp;&nbsp;&nbsp;&nbsp;&nbsp;&nbsp;&nbsp;&nbsp;&nbsp;&nbsp;&nbsp;&nbsp;&nbsp;&nbsp;&nbsp;&nbsp;&nbsp;&nbsp;&nbsp;&nbsp;&nbsp;&nbsp;&nbsp;&nbsp;&nbsp;&nbsp;&nbsp;&nbsp;&nbsp;&nbsp;&nbsp;&nbsp;&nbsp;&nbsp;&nbsp;&nbsp;&nbsp;&nbsp;&nbsp; Kansansavelma\/Hyokki<\/p>\n<p>To Music&nbsp;&nbsp;&nbsp;&nbsp;&nbsp;&nbsp;&nbsp;&nbsp;&nbsp;&nbsp;&nbsp;&nbsp;&nbsp;&nbsp;&nbsp;&nbsp;&nbsp;&nbsp;&nbsp;&nbsp;&nbsp;&nbsp;&nbsp;&nbsp;&nbsp;&nbsp;&nbsp;&nbsp;&nbsp;&nbsp;&nbsp;&nbsp;&nbsp;&nbsp;&nbsp;&nbsp;&nbsp;&nbsp;&nbsp;&nbsp;&nbsp;&nbsp;&nbsp;&nbsp;&nbsp;&nbsp;&nbsp;&nbsp;&nbsp;&nbsp;&nbsp;&nbsp;&nbsp;&nbsp;&nbsp;&nbsp;&nbsp;&nbsp;&nbsp;&nbsp;&nbsp;&nbsp;&nbsp;&nbsp;&nbsp;&nbsp;&nbsp;&nbsp;&nbsp;&nbsp;&nbsp;&nbsp;&nbsp;&nbsp;&nbsp;&nbsp;&nbsp;&nbsp;&nbsp;&nbsp;&nbsp;&nbsp;&nbsp;&nbsp;&nbsp;&nbsp;&nbsp;&nbsp;&nbsp;&nbsp; arr. B Bertaux<\/p>\n<p>Sail Away&nbsp;&nbsp;&nbsp;&nbsp;&nbsp;&nbsp;&nbsp;&nbsp;&nbsp;&nbsp;&nbsp;&nbsp;&nbsp;&nbsp;&nbsp;&nbsp;&nbsp;&nbsp;&nbsp;&nbsp;&nbsp;&nbsp;&nbsp;&nbsp;&nbsp;&nbsp;&nbsp;&nbsp;&nbsp;&nbsp;&nbsp;&nbsp;&nbsp;&nbsp;&nbsp;&nbsp;&nbsp;&nbsp;&nbsp;&nbsp;&nbsp;&nbsp;&nbsp;&nbsp;&nbsp;&nbsp;&nbsp;&nbsp;&nbsp;&nbsp;&nbsp;&nbsp;&nbsp;&nbsp;&nbsp;&nbsp;&nbsp;&nbsp;&nbsp;&nbsp;&nbsp;&nbsp;&nbsp;&nbsp;&nbsp;&nbsp;&nbsp;&nbsp;&nbsp;&nbsp;&nbsp;&nbsp;&nbsp;&nbsp;&nbsp;&nbsp;&nbsp;&nbsp;&nbsp;&nbsp;&nbsp;&nbsp;&nbsp;&nbsp;&nbsp;&nbsp;&nbsp;&nbsp; arr. M. Daglish<\/p>\n<p>It don\u2019t mean a thing&nbsp;&nbsp;&nbsp;&nbsp;&nbsp;&nbsp;&nbsp;&nbsp;&nbsp;&nbsp;&nbsp;&nbsp;&nbsp;&nbsp;&nbsp;&nbsp;&nbsp;&nbsp;&nbsp;&nbsp;&nbsp;&nbsp;&nbsp;&nbsp;&nbsp;&nbsp;&nbsp;&nbsp;&nbsp;&nbsp;&nbsp;&nbsp;&nbsp;&nbsp;&nbsp;&nbsp;&nbsp;&nbsp;&nbsp;&nbsp;&nbsp;&nbsp;&nbsp;&nbsp;&nbsp;&nbsp;&nbsp;&nbsp;&nbsp;&nbsp;&nbsp;&nbsp;&nbsp;&nbsp;&nbsp;&nbsp;&nbsp;&nbsp;&nbsp;&nbsp;&nbsp;&nbsp;&nbsp;&nbsp;&nbsp;&nbsp;&nbsp;&nbsp;&nbsp;&nbsp;&nbsp;&nbsp;&nbsp;&nbsp;&nbsp;&nbsp;&nbsp;&nbsp;&nbsp;&nbsp;&nbsp; D. Ellington<\/p>\n<p>Blue Skies&nbsp;&nbsp;&nbsp;&nbsp;&nbsp;&nbsp;&nbsp;&nbsp;&nbsp;&nbsp;&nbsp;&nbsp;&nbsp;&nbsp;&nbsp;&nbsp;&nbsp;&nbsp;&nbsp;&nbsp;&nbsp;&nbsp;&nbsp;&nbsp;&nbsp;&nbsp;&nbsp;&nbsp;&nbsp;&nbsp;&nbsp;&nbsp;&nbsp;&nbsp;&nbsp;&nbsp;&nbsp;&nbsp;&nbsp;&nbsp;&nbsp;&nbsp;&nbsp;&nbsp;&nbsp;&nbsp;&nbsp;&nbsp;&nbsp;&nbsp;&nbsp;&nbsp;&nbsp;&nbsp;&nbsp;&nbsp;&nbsp;&nbsp;&nbsp;&nbsp;&nbsp;&nbsp;&nbsp;&nbsp;&nbsp;&nbsp;&nbsp;&nbsp;&nbsp;&nbsp;&nbsp;&nbsp;&nbsp;&nbsp;&nbsp;&nbsp;&nbsp;&nbsp;&nbsp;&nbsp;&nbsp;&nbsp;&nbsp;&nbsp;&nbsp;&nbsp;&nbsp;&nbsp; Irvine Berlin<\/p>\n<p>America <em>from West Side Story&nbsp;&nbsp;&nbsp;&nbsp;&nbsp;&nbsp;&nbsp;&nbsp;&nbsp;&nbsp;&nbsp;&nbsp;&nbsp;&nbsp;&nbsp;&nbsp;&nbsp;&nbsp;&nbsp;&nbsp;&nbsp;&nbsp;&nbsp;&nbsp;&nbsp;&nbsp;&nbsp;&nbsp;&nbsp;&nbsp;&nbsp;&nbsp;&nbsp;&nbsp;&nbsp;&nbsp;&nbsp;&nbsp;&nbsp;&nbsp;&nbsp;&nbsp;&nbsp;&nbsp;&nbsp;&nbsp;&nbsp;&nbsp;&nbsp;&nbsp;&nbsp;&nbsp;&nbsp;&nbsp; <\/em>L. Bernstein<\/p>\n<p>Here\u2019s to Song&nbsp;&nbsp;&nbsp;&nbsp;&nbsp;&nbsp;&nbsp;&nbsp;&nbsp;&nbsp;&nbsp;&nbsp;&nbsp;&nbsp;&nbsp;&nbsp;&nbsp;&nbsp;&nbsp;&nbsp;&nbsp;&nbsp;&nbsp;&nbsp;&nbsp;&nbsp;&nbsp;&nbsp;&nbsp;&nbsp;&nbsp;&nbsp;&nbsp;&nbsp;&nbsp;&nbsp;&nbsp;&nbsp;&nbsp;&nbsp;&nbsp;&nbsp;&nbsp;&nbsp;&nbsp;&nbsp;&nbsp;&nbsp;&nbsp;&nbsp;&nbsp;&nbsp;&nbsp;&nbsp;&nbsp;&nbsp;&nbsp;&nbsp;&nbsp;&nbsp;&nbsp;&nbsp;&nbsp;&nbsp;&nbsp;&nbsp;&nbsp;&nbsp;&nbsp;&nbsp;&nbsp;&nbsp;&nbsp;&nbsp;&nbsp;&nbsp;&nbsp;&nbsp;&nbsp;&nbsp;&nbsp;&nbsp;&nbsp;&nbsp;&nbsp;&nbsp;&nbsp;&nbsp;&nbsp;&nbsp;&nbsp;&nbsp;&nbsp; A. McGillivray<\/p>\n<p>Icelandic and Norwegian Premieres<\/p>\n<p>Work by Daniel Bjarnason &#8211; Work by Therese Ulvo<\/p>\n<p style=\"text-align: center;\"><a href=\"https:\/\/listvinafelag.is\/wp-content\/uploads\/2018\/06\/visiting-composers-18.jpg\" rel=\"lightbox[4339]\"><img loading=\"lazy\" decoding=\"async\" class=\"aligncenter size-full wp-image-4336\" src=\"https:\/\/listvinafelag.is\/wp-content\/uploads\/2018\/06\/visiting-composers-18.jpg\" alt=\"Visiting Composers\" width=\"800\" height=\"1028\" srcset=\"https:\/\/listvinafelag.is\/wp-content\/uploads\/2018\/06\/visiting-composers-18.jpg 800w, https:\/\/listvinafelag.is\/wp-content\/uploads\/2018\/06\/visiting-composers-18-233x300.jpg 233w, https:\/\/listvinafelag.is\/wp-content\/uploads\/2018\/06\/visiting-composers-18-768x987.jpg 768w, https:\/\/listvinafelag.is\/wp-content\/uploads\/2018\/06\/visiting-composers-18-797x1024.jpg 797w, https:\/\/listvinafelag.is\/wp-content\/uploads\/2018\/06\/visiting-composers-18-114x146.jpg 114w, https:\/\/listvinafelag.is\/wp-content\/uploads\/2018\/06\/visiting-composers-18-39x50.jpg 39w, https:\/\/listvinafelag.is\/wp-content\/uploads\/2018\/06\/visiting-composers-18-576x740.jpg 576w, https:\/\/listvinafelag.is\/wp-content\/uploads\/2018\/06\/visiting-composers-18-58x75.jpg 58w\" sizes=\"auto, (max-width:767px) 480px, (max-width:800px) 100vw, 800px\" \/><\/a><\/p>\n<p style=\"text-align: center;\"><a href=\"https:\/\/listvinafelag.is\/wp-content\/uploads\/2018\/06\/lacc-hallgrimskirkja-june-18.jpg\" rel=\"lightbox[4339]\"><img loading=\"lazy\" decoding=\"async\" class=\"aligncenter size-full wp-image-4333\" src=\"https:\/\/listvinafelag.is\/wp-content\/uploads\/2018\/06\/lacc-hallgrimskirkja-june-18.jpg\" alt=\"Los Angeles Children's Chorus\" width=\"900\" height=\"1273\" srcset=\"https:\/\/listvinafelag.is\/wp-content\/uploads\/2018\/06\/lacc-hallgrimskirkja-june-18.jpg 900w, https:\/\/listvinafelag.is\/wp-content\/uploads\/2018\/06\/lacc-hallgrimskirkja-june-18-212x300.jpg 212w, https:\/\/listvinafelag.is\/wp-content\/uploads\/2018\/06\/lacc-hallgrimskirkja-june-18-768x1086.jpg 768w, https:\/\/listvinafelag.is\/wp-content\/uploads\/2018\/06\/lacc-hallgrimskirkja-june-18-724x1024.jpg 724w, https:\/\/listvinafelag.is\/wp-content\/uploads\/2018\/06\/lacc-hallgrimskirkja-june-18-103x146.jpg 103w, https:\/\/listvinafelag.is\/wp-content\/uploads\/2018\/06\/lacc-hallgrimskirkja-june-18-35x50.jpg 35w, https:\/\/listvinafelag.is\/wp-content\/uploads\/2018\/06\/lacc-hallgrimskirkja-june-18-576x815.jpg 576w, https:\/\/listvinafelag.is\/wp-content\/uploads\/2018\/06\/lacc-hallgrimskirkja-june-18-53x75.jpg 53w\" sizes=\"auto, (max-width:767px) 480px, (max-width:900px) 100vw, 900px\" \/><\/a><\/p>\n","protected":false},"excerpt":{"rendered":"<p>Extra concert with Los Angeles Children\u2019s Chorus LACC July 2 at 8 pm. Los Angeles Children\u2019s Chorus LACC, widely recognized for its agile bel canto sound<span class=\"excerpt-hellip\"> [\u2026]<\/span><\/p>\n","protected":false},"author":5,"featured_media":4334,"comment_status":"closed","ping_status":"open","sticky":false,"template":"","format":"standard","meta":{"ngg_post_thumbnail":0,"footnotes":""},"categories":[7],"tags":[],"class_list":["post-4339","post","type-post","status-publish","format-standard","has-post-thumbnail","hentry","category-news"],"_links":{"self":[{"href":"https:\/\/listvinafelag.is\/en\/wp-json\/wp\/v2\/posts\/4339","targetHints":{"allow":["GET"]}}],"collection":[{"href":"https:\/\/listvinafelag.is\/en\/wp-json\/wp\/v2\/posts"}],"about":[{"href":"https:\/\/listvinafelag.is\/en\/wp-json\/wp\/v2\/types\/post"}],"author":[{"embeddable":true,"href":"https:\/\/listvinafelag.is\/en\/wp-json\/wp\/v2\/users\/5"}],"replies":[{"embeddable":true,"href":"https:\/\/listvinafelag.is\/en\/wp-json\/wp\/v2\/comments?post=4339"}],"version-history":[{"count":0,"href":"https:\/\/listvinafelag.is\/en\/wp-json\/wp\/v2\/posts\/4339\/revisions"}],"wp:featuredmedia":[{"embeddable":true,"href":"https:\/\/listvinafelag.is\/en\/wp-json\/wp\/v2\/media\/4334"}],"wp:attachment":[{"href":"https:\/\/listvinafelag.is\/en\/wp-json\/wp\/v2\/media?parent=4339"}],"wp:term":[{"taxonomy":"category","embeddable":true,"href":"https:\/\/listvinafelag.is\/en\/wp-json\/wp\/v2\/categories?post=4339"},{"taxonomy":"post_tag","embeddable":true,"href":"https:\/\/listvinafelag.is\/en\/wp-json\/wp\/v2\/tags?post=4339"}],"curies":[{"name":"wp","href":"https:\/\/api.w.org\/{rel}","templated":true}]}}