{"id":4327,"date":"2018-06-27T16:49:14","date_gmt":"2018-06-27T16:49:14","guid":{"rendered":"http:\/\/listvinafelag.is\/?p=4327"},"modified":"2018-06-27T16:50:37","modified_gmt":"2018-06-27T16:50:37","slug":"elisabet-thordardottir-organist-kalfatjarnarkirkja-june-28-12-noon-irena-chribkova-organist-st-james-basilica-prague-czech-june-30-and-july-1","status":"publish","type":"post","link":"https:\/\/listvinafelag.is\/en\/elisabet-thordardottir-organist-kalfatjarnarkirkja-june-28-12-noon-irena-chribkova-organist-st-james-basilica-prague-czech-june-30-and-july-1\/","title":{"rendered":"El\u00edsabet \u00de\u00f3r\u00f0ard\u00f3ttir organist K\u00e1lfatjarnarkirkja June 28 @12 noon &#8211; Irena Ch\u0159ibkov\u00e1 organist St. James&#8217; Basilica Prague Czech June 30 and July 1"},"content":{"rendered":"<div id=\"attachment_4323\" style=\"width: 310px\" class=\"wp-caption alignright\"><a href=\"https:\/\/listvinafelag.is\/wp-content\/uploads\/2018\/06\/2-eliisabet-thordardoottir.jpg\" rel=\"lightbox[4327]\"><img loading=\"lazy\" decoding=\"async\" aria-describedby=\"caption-attachment-4323\" class=\"wp-image-4323\" src=\"https:\/\/listvinafelag.is\/wp-content\/uploads\/2018\/06\/2-eliisabet-thordardoottir.jpg\" alt=\"El\u00edsabet \u00de\u00f3r\u00f0ard\u00f3ttir\" width=\"300\" height=\"421\" srcset=\"https:\/\/listvinafelag.is\/wp-content\/uploads\/2018\/06\/2-eliisabet-thordardoottir.jpg 700w, https:\/\/listvinafelag.is\/wp-content\/uploads\/2018\/06\/2-eliisabet-thordardoottir-214x300.jpg 214w, https:\/\/listvinafelag.is\/wp-content\/uploads\/2018\/06\/2-eliisabet-thordardoottir-104x146.jpg 104w, https:\/\/listvinafelag.is\/wp-content\/uploads\/2018\/06\/2-eliisabet-thordardoottir-36x50.jpg 36w, https:\/\/listvinafelag.is\/wp-content\/uploads\/2018\/06\/2-eliisabet-thordardoottir-576x809.jpg 576w, https:\/\/listvinafelag.is\/wp-content\/uploads\/2018\/06\/2-eliisabet-thordardoottir-53x75.jpg 53w\" sizes=\"auto, (max-width:767px) 300px, 300px\" \/><\/a><p id=\"caption-attachment-4323\" class=\"wp-caption-text\">El\u00edsabet \u00de\u00f3r\u00f0ard\u00f3ttir<\/p><\/div>\n<p><strong>EL\u00cdSABET \u00de\u00d3R\u00d0ARD\u00d3TTIR ORGANIST K\u00c1LFATJARNARKIRKJA<\/strong><\/p>\n<p>ICELAND<\/p>\n<p><strong>THURSDAY JUNE 28 @12 NOON&nbsp;<\/strong><\/p>\n<p>PROGRAMME:&nbsp;<\/p>\n<p>Felix Mendelssohn Bartholdy 1809\u20121847&nbsp;Sonata op. 65, no. 5<\/p>\n<p>Andante, Andante con moto, Allegro<\/p>\n<p>Eug\u00e8ne Gigout 1844\u20121925&nbsp;Toccata<\/p>\n<p>Charles Marie Widor 1845\u20121937&nbsp;Andante cantabile<\/p>\n<p>From: Orgelsymphony no. 4 op. 13\/4<\/p>\n<p>Louis Vierne 1870\u20121937&nbsp;Carillon de Westminster op. 54 no. 6<\/p>\n<p>From: Pieces de fantasie<\/p>\n<p>El\u00edsabet \u00de\u00f3r\u00f0ard\u00f3ttir&nbsp;studied the piano and graduated from the New Music School in Reykjavik in 2001 with R\u00f6gnvaldur Sigurj\u00f3nsson and Ragnar Bj\u00f6rnsson as principal teachers. 2001\u20122004 she studied at the \u201cMusikhochschule Luzern\u201d in Switzerland. In 2012 El\u00edsabet began her studies as a church musician at the National Church of Iceland&#8217;s Music School under the guidance of Bj\u00f6rn Steinar S\u00f3lbergsson with graduation in the spring of 2017 and soloist diploma in 2018. Since 2006 El\u00edsabet has taught the piano at the Hafnarfj\u00f6r\u00f0ur Music School as well as providing accompaniment. She has been the organist of K\u00e1lfatjarnarkirkja church on Reykjanes peninsula since 2012 and since 2017 the organist of Laugarneskirkja church in Reykjav\u00edk.&nbsp;<\/p>\n<div id=\"attachment_4324\" style=\"width: 510px\" class=\"wp-caption aligncenter\"><a href=\"https:\/\/listvinafelag.is\/wp-content\/uploads\/2018\/06\/2-irena-chribkova.jpg\" rel=\"lightbox[4327]\"><img loading=\"lazy\" decoding=\"async\" aria-describedby=\"caption-attachment-4324\" class=\"wp-image-4324\" src=\"https:\/\/listvinafelag.is\/wp-content\/uploads\/2018\/06\/2-irena-chribkova-1024x730.jpg\" alt=\"Irena Ch\u0159ibkov\u00e1\" width=\"500\" height=\"357\" srcset=\"https:\/\/listvinafelag.is\/wp-content\/uploads\/2018\/06\/2-irena-chribkova-1024x730.jpg 1024w, https:\/\/listvinafelag.is\/wp-content\/uploads\/2018\/06\/2-irena-chribkova-300x214.jpg 300w, https:\/\/listvinafelag.is\/wp-content\/uploads\/2018\/06\/2-irena-chribkova-768x548.jpg 768w, https:\/\/listvinafelag.is\/wp-content\/uploads\/2018\/06\/2-irena-chribkova-205x146.jpg 205w, https:\/\/listvinafelag.is\/wp-content\/uploads\/2018\/06\/2-irena-chribkova-50x36.jpg 50w, https:\/\/listvinafelag.is\/wp-content\/uploads\/2018\/06\/2-irena-chribkova-576x411.jpg 576w, https:\/\/listvinafelag.is\/wp-content\/uploads\/2018\/06\/2-irena-chribkova-105x75.jpg 105w, https:\/\/listvinafelag.is\/wp-content\/uploads\/2018\/06\/2-irena-chribkova.jpg 1200w\" sizes=\"auto, (max-width:767px) 480px, 500px\" \/><\/a><p id=\"caption-attachment-4324\" class=\"wp-caption-text\">Irena Ch\u0159ibkov\u00e1<\/p><\/div>\n<p><strong>IRENA CH\u0159iBKOV\u00c1 ORGANIST ST. JAMES&#8217; BASILICA PRAGUE CZECH&nbsp;<\/strong><\/p>\n<p><strong>SATURDAY JUNE 30 @ 12 NOON<\/strong><\/p>\n<p><strong>SUNDAY JULY 1 @ 5 PM&nbsp;<\/strong><\/p>\n<p>PROGRAMME :&nbsp;&nbsp;<\/p>\n<p><strong>JUNE 30 @12 noon<\/strong><\/p>\n<p>Bernardo Storace 1637\u20121707&nbsp;Ballo della battaglia<\/p>\n<p>Johann Gottfried Walther 1684\u20121748&nbsp;Konsert in b-minor<\/p>\n<p>Umr.\/Trans.: Joseph Meck 1690\u20121758 Allegro \u2013 Adagio \u2013 Allegro<\/p>\n<p>Jean-Marie Plum 1899\u20121944&nbsp;Theme vari\u00e9<\/p>\n<p>Alexandre Guilmant 1837\u20121911&nbsp;Marche religieuse<\/p>\n<p>to the theme&nbsp;Lift Up Your Heads<\/p>\n<p>&nbsp;from&nbsp;Mess\u00edas&nbsp;by G.F. H\u00e4ndel<\/p>\n<p><strong>JULY 1&nbsp;@5 pm:&nbsp;<\/strong><\/p>\n<p>Claude Balbastre 1724\u20121799&nbsp;Prelude and fuge&nbsp;in d-minor<\/p>\n<p>Georges Mac-Master 1862\u20121898&nbsp;Offertoire, op. 43<\/p>\n<p>Toccata in A-major, op. 67<\/p>\n<p>Josef Suk 1874\u20121935&nbsp;Meditation on&nbsp;Saint Wenceslas<\/p>\n<p>\u00dats.\/Trans: Franti\u0161ek Picka 1883\u20121918&nbsp;chorale op. 35<\/p>\n<p>Petr Eben 1929-2007&nbsp;Student Songs and Requiem<\/p>\n<p>&nbsp;from the organ cycle Faust<\/p>\n<p>Johann Sebastian Bach 1685\u20121750&nbsp;Toccata and fuge \u00ed d-minor (d\u00f3r\u00edsk), BWV 538<\/p>\n<p>Josef Kli\u010dka 1855\u20121937<\/p>\n<p>Fantasy on the symphonic poem \u201cVy\u0161ehrad\u201d (High Castle),<\/p>\n<p>I part of My&nbsp;Fatherland&nbsp;by Bed\u0159ich Smetana. op. 33\/1<\/p>\n<p>Irena Ch\u0159ibkov\u00e1is the head organist of St. James&#8217; Basilica in the Old Town of Prague. There she has founded several cycles of sacred music, including the St. James\u00b4 International Organ Festival which ranks among the leading European festivals. Her Sunday half-an-hour organ music in the Basilica are extremely popular.<\/p>\n<p>Irena Ch\u0159ibkov\u00e1 studied the organ at the Krom\u011b\u0159\u00ed\u017e Conservatoire under K. Pokora, at the Academy of Arts in Prague under Prof M. \u0160lechta (1980-1986) and in Parisunder Susan Landale (1985).&nbsp;Successes at numerous organ competitions promoted her concert career and she has toured extensively as a concert artist widely around the world. She has also cooperated with leading musicians, choirs and orchestras.&nbsp;<\/p>\n<p>Ms Ch\u0159ibkov\u00e1\u2019s repertoire includes organ literature ranging from Baroque up to contemporary music with emphasis on French organ music, the organ music of J. S. Bach and Czech organ music with emphasis on her predecessors at the organ in the St. James\u2019 Basilika.<\/p>\n<p><img loading=\"lazy\" decoding=\"async\" class=\"alignnone size-full wp-image-659\" src=\"https:\/\/listvinafelag.is\/wp-content\/uploads\/2014\/10\/pdf_icon_20x20.jpg\" alt=\"\" width=\"20\" height=\"20\">&nbsp;<a href=\"https:\/\/listvinafelag.is\/wp-content\/uploads\/2018\/06\/ao-2018-baeklingur.pdf\">Brochure<\/a><\/p>\n<p style=\"text-align: center;\"><a href=\"https:\/\/listvinafelag.is\/wp-content\/uploads\/2017\/08\/hallgrimskirkja.jpg\" rel=\"lightbox[4327]\"><img loading=\"lazy\" decoding=\"async\" class=\"aligncenter size-large wp-image-3736\" src=\"https:\/\/listvinafelag.is\/wp-content\/uploads\/2017\/08\/hallgrimskirkja-1024x683.jpg\" alt=\"Hallgr\u00edmskirkja\" width=\"1024\" height=\"683\" srcset=\"https:\/\/listvinafelag.is\/wp-content\/uploads\/2017\/08\/hallgrimskirkja-1024x683.jpg 1024w, https:\/\/listvinafelag.is\/wp-content\/uploads\/2017\/08\/hallgrimskirkja-300x200.jpg 300w, https:\/\/listvinafelag.is\/wp-content\/uploads\/2017\/08\/hallgrimskirkja-768x512.jpg 768w, https:\/\/listvinafelag.is\/wp-content\/uploads\/2017\/08\/hallgrimskirkja-219x146.jpg 219w, https:\/\/listvinafelag.is\/wp-content\/uploads\/2017\/08\/hallgrimskirkja-50x33.jpg 50w, https:\/\/listvinafelag.is\/wp-content\/uploads\/2017\/08\/hallgrimskirkja-576x384.jpg 576w, https:\/\/listvinafelag.is\/wp-content\/uploads\/2017\/08\/hallgrimskirkja-113x75.jpg 113w, https:\/\/listvinafelag.is\/wp-content\/uploads\/2017\/08\/hallgrimskirkja.jpg 1200w\" sizes=\"auto, (max-width:767px) 480px, (max-width:1024px) 100vw, 1024px\" \/><\/a><\/p>\n","protected":false},"excerpt":{"rendered":"<p>EL\u00cdSABET \u00de\u00d3R\u00d0ARD\u00d3TTIR ORGANIST K\u00c1LFATJARNARKIRKJA ICELAND THURSDAY JUNE 28 @12 NOON&nbsp; PROGRAMME:&nbsp; Felix Mendelssohn Bartholdy 1809\u20121847&nbsp;Sonata op. 65, no. 5 Andante, Andante con moto, Allegro Eug\u00e8ne Gigout<span class=\"excerpt-hellip\"> [\u2026]<\/span><\/p>\n","protected":false},"author":5,"featured_media":4025,"comment_status":"closed","ping_status":"open","sticky":false,"template":"","format":"standard","meta":{"ngg_post_thumbnail":0,"footnotes":""},"categories":[7],"tags":[],"class_list":["post-4327","post","type-post","status-publish","format-standard","has-post-thumbnail","hentry","category-news"],"_links":{"self":[{"href":"https:\/\/listvinafelag.is\/en\/wp-json\/wp\/v2\/posts\/4327","targetHints":{"allow":["GET"]}}],"collection":[{"href":"https:\/\/listvinafelag.is\/en\/wp-json\/wp\/v2\/posts"}],"about":[{"href":"https:\/\/listvinafelag.is\/en\/wp-json\/wp\/v2\/types\/post"}],"author":[{"embeddable":true,"href":"https:\/\/listvinafelag.is\/en\/wp-json\/wp\/v2\/users\/5"}],"replies":[{"embeddable":true,"href":"https:\/\/listvinafelag.is\/en\/wp-json\/wp\/v2\/comments?post=4327"}],"version-history":[{"count":0,"href":"https:\/\/listvinafelag.is\/en\/wp-json\/wp\/v2\/posts\/4327\/revisions"}],"wp:featuredmedia":[{"embeddable":true,"href":"https:\/\/listvinafelag.is\/en\/wp-json\/wp\/v2\/media\/4025"}],"wp:attachment":[{"href":"https:\/\/listvinafelag.is\/en\/wp-json\/wp\/v2\/media?parent=4327"}],"wp:term":[{"taxonomy":"category","embeddable":true,"href":"https:\/\/listvinafelag.is\/en\/wp-json\/wp\/v2\/categories?post=4327"},{"taxonomy":"post_tag","embeddable":true,"href":"https:\/\/listvinafelag.is\/en\/wp-json\/wp\/v2\/tags?post=4327"}],"curies":[{"name":"wp","href":"https:\/\/api.w.org\/{rel}","templated":true}]}}