{"id":4105,"date":"2018-05-02T10:29:47","date_gmt":"2018-05-02T10:29:47","guid":{"rendered":"http:\/\/listvinafelag.is\/?p=4105"},"modified":"2018-05-02T10:29:48","modified_gmt":"2018-05-02T10:29:48","slug":"vokal-nord-the-dream-immigration-turnee-to-reykjavik-and-seattle-usa-in-may-2018","status":"publish","type":"post","link":"https:\/\/listvinafelag.is\/en\/vokal-nord-the-dream-immigration-turnee-to-reykjavik-and-seattle-usa-in-may-2018\/","title":{"rendered":"VOKAL NORD &#8211; THE DREAM &#8211; IMMIGRATION TURN\u00c9E TO REYKJAVIK AND SEATTLE USA IN MAY 2018"},"content":{"rendered":"<p>VOKAL NORD is a professional chamber choir based in Troms\u00f8, Norway. The choir will give a concert in Hallgrimskirkja together with the Hallgrimskirkja chamber choir SCHOLA CANTORUM Thursday May 3 at 8 pm on its way to Seattle, where the choir will perform at the grand opening of the Nordic heritage museum in Seattle on May 5 &amp; 6 2018.<\/p>\n<p>Vokal Nord is known and recognised for their characteristic sound based on ethnic music from the north, combined with repertoire from the baroque period. In Vokal Nord\u00b4s concert, you may hear folk music from northern Scandinavia, especially the sami vocal tradition yoik, as well as beautiful classical pieces.<\/p>\n<div id=\"attachment_3798\" style=\"width: 1034px\" class=\"wp-caption aligncenter\"><a href=\"https:\/\/listvinafelag.is\/wp-content\/uploads\/2017\/10\/schola-cantorum-1200.jpg\" rel=\"lightbox[4105]\"><img loading=\"lazy\" decoding=\"async\" aria-describedby=\"caption-attachment-3798\" class=\"wp-image-3798 size-large\" src=\"https:\/\/listvinafelag.is\/wp-content\/uploads\/2017\/10\/schola-cantorum-1200-1024x522.jpg\" alt=\"Schola cantorum\" width=\"1024\" height=\"522\" srcset=\"https:\/\/listvinafelag.is\/wp-content\/uploads\/2017\/10\/schola-cantorum-1200-1024x522.jpg 1024w, https:\/\/listvinafelag.is\/wp-content\/uploads\/2017\/10\/schola-cantorum-1200-300x153.jpg 300w, https:\/\/listvinafelag.is\/wp-content\/uploads\/2017\/10\/schola-cantorum-1200-768x392.jpg 768w, https:\/\/listvinafelag.is\/wp-content\/uploads\/2017\/10\/schola-cantorum-1200-260x133.jpg 260w, https:\/\/listvinafelag.is\/wp-content\/uploads\/2017\/10\/schola-cantorum-1200-50x26.jpg 50w, https:\/\/listvinafelag.is\/wp-content\/uploads\/2017\/10\/schola-cantorum-1200-576x294.jpg 576w, https:\/\/listvinafelag.is\/wp-content\/uploads\/2017\/10\/schola-cantorum-1200-147x75.jpg 147w, https:\/\/listvinafelag.is\/wp-content\/uploads\/2017\/10\/schola-cantorum-1200.jpg 1200w\" sizes=\"auto, (max-width:767px) 480px, (max-width:1024px) 100vw, 1024px\" \/><\/a><p id=\"caption-attachment-3798\" class=\"wp-caption-text\">Schola cantorum<\/p><\/div>\n<p>The combination of european classical music and folk music from the northernmost parts of Scandinavia is quite unique to this ensemble. Guest conductor is H\u00f6r\u00f0ur \u00c1skelsson Music Director of Hallgrimskirkja, Reykjav\u00edk. On the programme in Hallgrimskirkja are works by Grieg, Jan Sandstr\u00f6m, Bj\u00f6rn Anton Drage and icelandic composers together with Scandinavian folk music arrangements.<\/p>\n<div id=\"attachment_4101\" style=\"width: 1034px\" class=\"wp-caption aligncenter\"><a href=\"https:\/\/listvinafelag.is\/wp-content\/uploads\/2018\/05\/vokal-nord.jpg\" rel=\"lightbox[4105]\"><img loading=\"lazy\" decoding=\"async\" aria-describedby=\"caption-attachment-4101\" class=\"size-large wp-image-4101\" src=\"https:\/\/listvinafelag.is\/wp-content\/uploads\/2018\/05\/vokal-nord-1024x536.jpg\" alt=\"VOKAL NORD\" width=\"1024\" height=\"536\" srcset=\"https:\/\/listvinafelag.is\/wp-content\/uploads\/2018\/05\/vokal-nord-1024x536.jpg 1024w, https:\/\/listvinafelag.is\/wp-content\/uploads\/2018\/05\/vokal-nord-300x157.jpg 300w, https:\/\/listvinafelag.is\/wp-content\/uploads\/2018\/05\/vokal-nord-768x402.jpg 768w, https:\/\/listvinafelag.is\/wp-content\/uploads\/2018\/05\/vokal-nord-260x136.jpg 260w, https:\/\/listvinafelag.is\/wp-content\/uploads\/2018\/05\/vokal-nord-50x26.jpg 50w, https:\/\/listvinafelag.is\/wp-content\/uploads\/2018\/05\/vokal-nord-576x301.jpg 576w, https:\/\/listvinafelag.is\/wp-content\/uploads\/2018\/05\/vokal-nord-143x75.jpg 143w, https:\/\/listvinafelag.is\/wp-content\/uploads\/2018\/05\/vokal-nord.jpg 1030w\" sizes=\"auto, (max-width:767px) 480px, (max-width:1024px) 100vw, 1024px\" \/><\/a><p id=\"caption-attachment-4101\" class=\"wp-caption-text\">VOKAL NORD.<br \/>Mynd: Yngve S. Olsen<\/p><\/div>\n<p>Admission 2500 ISK. Ticket sale is at the entrance 1 hour before the concert.<\/p>\n<p>See <a href=\"http:\/\/vokalnord.no\" target=\"_blank\" rel=\"noopener\">vokalnord.no<\/a><\/p>\n<p><strong>Programme:<\/strong><\/p>\n<p>1. \u00c5, eg veit meg eit land<br \/>\nAdolf Thomsen (1852-1903)<br \/>\nElias Blix (1836-1902)<\/p>\n<p>2. Neslandskyrkja<br \/>\n\u00dej\u00f3\u00f0lag fr\u00e1 Seljord, (radds.) (arr.) Knut Nystedt (1915-2015)<br \/>\nSolo: Jeanette Goldstein<\/p>\n<p>3. Heyr himnasmi\u00f0ur,<br \/>\n\u00deorkell Sigurbj\u00f6rnsson (1938-2013)<br \/>\nKolbeinn Tumason (ca 1171-1208)<\/p>\n<p>4. Bruremarsj fra S\u00f6rfold<br \/>\n\u00fej\u00f3\u00f0lag (trad) radds. (arr.). Bj\u00f6rn Andor Drage;<br \/>\nFlute solo: Trygve Skipenes \u00d8strem<\/p>\n<p>5. Hvad est Du dog skj\u00f6n, \u00far Fj\u00f3rir s\u00e1lmar op. 74, (nr 1)<br \/>\nEdward Grieg (1843-1907)<br \/>\nHans Adolph Brorson (1694-1764)<br \/>\nSolo: Harald Bakkeby Moe<\/p>\n<p>6. I himmelen, \u00far Fj\u00f3rir s\u00e1lmar op. 74, (nr 4)<br \/>\nEdward Grieg (1843-1907)<br \/>\nLaurentius Laurinus (1573\u20131655)<br \/>\nSolo: Hafsteinn \u00de\u00f3r\u00f3lfsson<\/p>\n<p>7. A sister from the north, byggt \u00e1 \u201cjoik\u201d, Frode Fjellheim (f. 1959)<\/p>\n<p>8. Gjendines b\u00e5dnl\u00e5t, v\u00f6gguv\u00edsa<br \/>\n\u00fej\u00f3\u00f0lag (trad), radds. (arr). Gunnar Eriksson (f. 1936)<\/p>\n<p>9. Sof\u00f0u, unga \u00e1stin m\u00edn<br \/>\n\u00dej\u00f3\u00f0lag (trad.). radds. (arr.) J\u00f3n \u00c1sgeirsson (f. 1928)<br \/>\nJ\u00f3hann Sigurj\u00f3nsson (1880\u20131919)<\/p>\n<p>10. Sulle rulle<br \/>\nbarnag\u00e6la fr\u00e1 Saltdal, radds. (arr.) Ellert M. H\u00e6geland<\/p>\n<p>11. Pois Pois,<br \/>\nfinnskt\/kvenskt \u00fej\u00f3\u00f0lag (trad), radds. (arr.) Bj\u00f6rn Andor Drage (f. 1959)<br \/>\nEins\u00f6ngur: Jennifer van der Hart<\/p>\n<p>12. Tuoll\u00b4on mun kultani, Fj\u00e6r er hann enn\u00fe\u00e1<br \/>\nfinnskt \u00fej\u00f3\u00f0lag (trad), radds. (arr.) Bo Holten (f. 1948)<br \/>\nEins\u00f6ngur: Irene Snuru\u00e5s<\/p>\n<p>13. Jiegnaffo,<br \/>\nJan Sandstr\u00f6m (f. 1954), byggt \u00e1 \u201cjoik\u201d eftir Johan M\u00e4rak<\/p>\n<p>14. Nunc dimittis<br \/>\nSigur\u00f0ur S\u00e6varsson (f. 1963)<\/p>\n<p>15. V\u00f6kur\u00f3<br \/>\nJ\u00f3runn Vi\u00f0ar (1918-2017)<br \/>\nradds. (arr.) Hafsteinn \u00de\u00f3r\u00f3lfsson (f. 1977)<br \/>\nEins\u00f6ngvari: Gu\u00f0mundur Vignir Karlsson<\/p>\n<p>16. St\u00f3\u00f0um tv\u00f6 \u00ed t\u00fani<br \/>\n\u00dej\u00f3\u00f0lag (trad.). Radds. (arr.) Hj\u00e1lmar H. Ragnarsson (f. 1952)<br \/>\n\u00dar V\u00edglundars\u00f6gu<\/p>\n<p>17. Grafskrift (Epitaph)<br \/>\n\u00dej\u00f3\u00f0lag (trad.). Radds. (arr.) Hj\u00e1lmar H. Ragnarsson<\/p>\n<p>18. Kv\u00f6ldvers<br \/>\nTryggvi M. Baldvinsson (f.1965)<\/p>\n<p>No. 1,2,4 og 7- 13 sung by Vokal Nord<br \/>\nNo.14 -16 sung by Schola cantorum<br \/>\nNo. 3,5,6, 17 og 18 sung by both choirs<\/p>\n<p>&nbsp;<\/p>\n","protected":false},"excerpt":{"rendered":"<p>VOKAL NORD is a professional chamber choir based in Troms\u00f8, Norway. The choir will give a concert in Hallgrimskirkja together with the Hallgrimskirkja chamber choir SCHOLA<span class=\"excerpt-hellip\"> [\u2026]<\/span><\/p>\n","protected":false},"author":5,"featured_media":4102,"comment_status":"closed","ping_status":"closed","sticky":false,"template":"","format":"standard","meta":{"ngg_post_thumbnail":0,"footnotes":""},"categories":[7],"tags":[9,73],"class_list":["post-4105","post","type-post","status-publish","format-standard","has-post-thumbnail","hentry","category-news","tag-schola-cantorum","tag-vokal-nord"],"_links":{"self":[{"href":"https:\/\/listvinafelag.is\/en\/wp-json\/wp\/v2\/posts\/4105","targetHints":{"allow":["GET"]}}],"collection":[{"href":"https:\/\/listvinafelag.is\/en\/wp-json\/wp\/v2\/posts"}],"about":[{"href":"https:\/\/listvinafelag.is\/en\/wp-json\/wp\/v2\/types\/post"}],"author":[{"embeddable":true,"href":"https:\/\/listvinafelag.is\/en\/wp-json\/wp\/v2\/users\/5"}],"replies":[{"embeddable":true,"href":"https:\/\/listvinafelag.is\/en\/wp-json\/wp\/v2\/comments?post=4105"}],"version-history":[{"count":0,"href":"https:\/\/listvinafelag.is\/en\/wp-json\/wp\/v2\/posts\/4105\/revisions"}],"wp:featuredmedia":[{"embeddable":true,"href":"https:\/\/listvinafelag.is\/en\/wp-json\/wp\/v2\/media\/4102"}],"wp:attachment":[{"href":"https:\/\/listvinafelag.is\/en\/wp-json\/wp\/v2\/media?parent=4105"}],"wp:term":[{"taxonomy":"category","embeddable":true,"href":"https:\/\/listvinafelag.is\/en\/wp-json\/wp\/v2\/categories?post=4105"},{"taxonomy":"post_tag","embeddable":true,"href":"https:\/\/listvinafelag.is\/en\/wp-json\/wp\/v2\/tags?post=4105"}],"curies":[{"name":"wp","href":"https:\/\/api.w.org\/{rel}","templated":true}]}}