{"id":4098,"date":"2018-04-26T10:04:26","date_gmt":"2018-04-26T10:04:26","guid":{"rendered":"http:\/\/listvinafelag.is\/?p=4098"},"modified":"2018-04-26T10:04:26","modified_gmt":"2018-04-26T10:04:26","slug":"concert-in-hallgrimskirkja-in-cooperation-with-the-music-department-of-the-iceland-academy-of-the-arts","status":"publish","type":"post","link":"https:\/\/listvinafelag.is\/en\/concert-in-hallgrimskirkja-in-cooperation-with-the-music-department-of-the-iceland-academy-of-the-arts\/","title":{"rendered":"Concert in Hallgrimskirkja in cooperation with the music department of the Iceland Academy of the arts"},"content":{"rendered":"<p><strong>SATURDAY APRIL 28 2018 AT 2 PM<\/strong><\/p>\n<p>Concert with students from the Music Department of the Iceland University of the Arts to honour four great Icelandic composers who are celebrating or would have had a big birthday this year:<\/p>\n<p>J\u00d3RUNN VI\u00d0AR ((1918-2017)<br \/>\nJ\u00d3N \u00c1SGEIRSSON (1928*)<br \/>\nATLI HEIMIR SVEINSSON (1938*)<br \/>\n\u00deORKELL SIGURBJ\u00d6RNSSON (1938-2013)<\/p>\n<p>PERFORMERS:<br \/>\nMatth\u00edas Har\u00f0arsson piano and organ , Erla Rut K\u00e1rad\u00f3ttir organ, Sandra Lind \u00deorsteinsd\u00f3ttir s\u00f3pran, Sn\u00e6fr\u00ed\u00f0ur Bj\u00f6rnsd\u00f3ttir s\u00f3pran, Gu\u00f0n\u00fd Charlotta Har\u00f0ard\u00f3ttir p\u00edan\u00f3, Mar\u00eda S\u00f3l Ing\u00f3lfsd\u00f3ttir s\u00f3pran, \u00c1sthildur \u00c1kad\u00f3ttir p\u00edan\u00f3, Solveig \u00d3skarsd\u00f3ttir s\u00f3pran, Anela Bakraqi p\u00edan\u00f3, Una Mar\u00eda Bergmann mezz\u00f3s\u00f3pran, Vera Hj\u00f6rd\u00eds Matsd\u00f3ttir s\u00f3pran, Peter M\u00e1t\u00e9 p\u00edan\u00f3, Hjalti \u00de\u00f3r Dav\u00ed\u00f0sson p\u00edan\u00f3, Vilborg Hl\u00f6\u00f0versd\u00f3ttir flute, Kristj\u00e1n Karl Bragason p\u00edan\u00f3, Berg\u00fe\u00f3ra Linda \u00c6gisd\u00f3ttir mezz\u00f3s\u00f3pran, Svanur Vilbergsson guitar, Gu\u00f0n\u00fd \u00d3sk Karlsd\u00f3ttir s\u00f3pran, Anna \u00de\u00f3rhildur Gunnarsd\u00f3ttir p\u00edan\u00f3, Eli\u0161ka Helikarov\u00e1 s\u00f3pran, \u00cdris Bj\u00f6rk Gunnarsd\u00f3ttir s\u00f3pran, Ald\u00eds Bergsveinsd\u00f3ttir violin, Agnes Eyja Gunnarsd\u00f3ttir violin, Sigr\u00fan Mary McCormick viola, Unnur J\u00f3nsd\u00f3ttir, cello, \u00cdris Andr\u00e9sd\u00f3ttir flute, Krist\u00edn \u00de\u00f3ra P\u00e9tursd\u00f3ttir, clarinett<br \/>\nThe Choir of the Music Department of the Iceland University of the Arts- conductor: Sigur\u00f0ur Halld\u00f3rsson.<\/p>\n<p><strong>FREE ENTRANCE<\/strong><\/p>\n<p><img loading=\"lazy\" decoding=\"async\" class=\"alignnone size-full wp-image-659\" src=\"https:\/\/listvinafelag.is\/wp-content\/uploads\/2014\/10\/pdf_icon_20x20.jpg\" alt=\"\" width=\"20\" height=\"20\">&nbsp;<a href=\"https:\/\/listvinafelag.is\/wp-content\/uploads\/2018\/04\/lhi-tonleikar.pdf\" target=\"_blank\" rel=\"noopener\">Poster<\/a><\/p>\n","protected":false},"excerpt":{"rendered":"<p>SATURDAY APRIL 28 2018 AT 2 PM Concert with students from the Music Department of the Iceland University of the Arts to honour four great Icelandic<span class=\"excerpt-hellip\"> [\u2026]<\/span><\/p>\n","protected":false},"author":5,"featured_media":4093,"comment_status":"closed","ping_status":"closed","sticky":false,"template":"","format":"standard","meta":{"ngg_post_thumbnail":0,"footnotes":""},"categories":[7],"tags":[],"class_list":["post-4098","post","type-post","status-publish","format-standard","has-post-thumbnail","hentry","category-news"],"_links":{"self":[{"href":"https:\/\/listvinafelag.is\/en\/wp-json\/wp\/v2\/posts\/4098","targetHints":{"allow":["GET"]}}],"collection":[{"href":"https:\/\/listvinafelag.is\/en\/wp-json\/wp\/v2\/posts"}],"about":[{"href":"https:\/\/listvinafelag.is\/en\/wp-json\/wp\/v2\/types\/post"}],"author":[{"embeddable":true,"href":"https:\/\/listvinafelag.is\/en\/wp-json\/wp\/v2\/users\/5"}],"replies":[{"embeddable":true,"href":"https:\/\/listvinafelag.is\/en\/wp-json\/wp\/v2\/comments?post=4098"}],"version-history":[{"count":0,"href":"https:\/\/listvinafelag.is\/en\/wp-json\/wp\/v2\/posts\/4098\/revisions"}],"wp:featuredmedia":[{"embeddable":true,"href":"https:\/\/listvinafelag.is\/en\/wp-json\/wp\/v2\/media\/4093"}],"wp:attachment":[{"href":"https:\/\/listvinafelag.is\/en\/wp-json\/wp\/v2\/media?parent=4098"}],"wp:term":[{"taxonomy":"category","embeddable":true,"href":"https:\/\/listvinafelag.is\/en\/wp-json\/wp\/v2\/categories?post=4098"},{"taxonomy":"post_tag","embeddable":true,"href":"https:\/\/listvinafelag.is\/en\/wp-json\/wp\/v2\/tags?post=4098"}],"curies":[{"name":"wp","href":"https:\/\/api.w.org\/{rel}","templated":true}]}}