{"id":3306,"date":"2016-08-02T12:25:10","date_gmt":"2016-08-02T12:25:10","guid":{"rendered":"http:\/\/listvinafelag.is\/?p=3306"},"modified":"2016-08-02T12:43:35","modified_gmt":"2016-08-02T12:43:35","slug":"finlandia-the-suite-gothique-and-the-national-anthem-this-week-at-the-organ-summer","status":"publish","type":"post","link":"https:\/\/listvinafelag.is\/en\/finlandia-the-suite-gothique-and-the-national-anthem-this-week-at-the-organ-summer\/","title":{"rendered":"Finlandia, the Suite Gothique and the National anthem this week at the Organ summer"},"content":{"rendered":"<p>The festive and beautiful national anthem of Iceland was for a long time considered too difficult for the ordinary person to sing and surrounded with a certain holiness. This has been changing rapidly over the past years <a href=\"https:\/\/listvinafelag.is\/wp-content\/uploads\/2016\/08\/3239.jpg\" rel=\"lightbox[3306]\"><img loading=\"lazy\" decoding=\"async\" class=\"size-medium wp-image-3301 alignleft\" src=\"https:\/\/listvinafelag.is\/wp-content\/uploads\/2016\/08\/3239-270x300.jpg\" alt=\"3239\" width=\"270\" height=\"300\" srcset=\"https:\/\/listvinafelag.is\/wp-content\/uploads\/2016\/08\/3239-270x300.jpg 270w, https:\/\/listvinafelag.is\/wp-content\/uploads\/2016\/08\/3239-768x854.jpg 768w, https:\/\/listvinafelag.is\/wp-content\/uploads\/2016\/08\/3239-921x1024.jpg 921w, https:\/\/listvinafelag.is\/wp-content\/uploads\/2016\/08\/3239-131x146.jpg 131w, https:\/\/listvinafelag.is\/wp-content\/uploads\/2016\/08\/3239-45x50.jpg 45w, https:\/\/listvinafelag.is\/wp-content\/uploads\/2016\/08\/3239-576x641.jpg 576w, https:\/\/listvinafelag.is\/wp-content\/uploads\/2016\/08\/3239-67x75.jpg 67w\" sizes=\"auto, (max-width:767px) 270px, 270px\" \/><\/a>and the anthem can now be heard more readily (e.g. at football games!). The Hallgr\u00edmskirkja chamber choir Schola cantorum has been bringing the national antnem, Lofs\u00f6ngur, to its audience this summer at their weekly Wednesday concerts as part of their introduction of Icelandic choir music.<\/p>\n<p>This week is no exception, with coffee, tea and a sweet something available for concert guests afterwards. The choir welcomes both Icelanders and travellers for a chat about the flourishing music life in Hallgr\u00edmskirkja and even allow a sneak peek at their brand new CD, publicly out next week.<\/p>\n<p>The Wednesday concert starts at 12 noon (30 min). Tickets are at the entrance from 11 am at 2500 ISK. Conductor is H\u00f6r\u00f0ur \u00c1skelsson, cantor of Hallgr\u00edmskirkja.<\/p>\n<p>&nbsp;<\/p>\n<p>The weekly Thursday organ concert will be played by Fri\u00f0rik Vignir Stef\u00e1nsson, organist of Seltjarnarnes church <img loading=\"lazy\" decoding=\"async\" class=\" wp-image-3300 alignright\" src=\"https:\/\/listvinafelag.is\/wp-content\/uploads\/2016\/08\/472102_3193577972707_1841783852_o-187x300.jpg\" alt=\"472102_3193577972707_1841783852_o\" width=\"161\" height=\"258\" srcset=\"https:\/\/listvinafelag.is\/wp-content\/uploads\/2016\/08\/472102_3193577972707_1841783852_o-187x300.jpg 187w, https:\/\/listvinafelag.is\/wp-content\/uploads\/2016\/08\/472102_3193577972707_1841783852_o-768x1230.jpg 768w, https:\/\/listvinafelag.is\/wp-content\/uploads\/2016\/08\/472102_3193577972707_1841783852_o-640x1024.jpg 640w, https:\/\/listvinafelag.is\/wp-content\/uploads\/2016\/08\/472102_3193577972707_1841783852_o-91x146.jpg 91w, https:\/\/listvinafelag.is\/wp-content\/uploads\/2016\/08\/472102_3193577972707_1841783852_o-31x50.jpg 31w, https:\/\/listvinafelag.is\/wp-content\/uploads\/2016\/08\/472102_3193577972707_1841783852_o-576x922.jpg 576w, https:\/\/listvinafelag.is\/wp-content\/uploads\/2016\/08\/472102_3193577972707_1841783852_o-47x75.jpg 47w, https:\/\/listvinafelag.is\/wp-content\/uploads\/2016\/08\/472102_3193577972707_1841783852_o.jpg 890w\" sizes=\"auto, (max-width:767px) 161px, 161px\" \/>in the Reykjav\u00edk area. His grand programme consists of two French organ suites, Suite du Deuxieme Ton by Cl\u00e9rambault, a baroque piece, and the famous Suite Gothique from the late 19th century by Bo\u00ebllman. The final chapter of the Gothic Suite, the toccata, is a thrilling composition, a highly enjoyable listening any time on the<br \/>\nmarvellous Klais organ of Hallgr\u00edmskirkja.<\/p>\n<p>The Thursday concert starts at 12 noon (30 min). Tickets are at the entrance from 11 am at 2000 ISK.<\/p>\n<p>&nbsp;<\/p>\n<p>Sibelius\u2019 solemn piece Finlandia will be performed the coming weekend on the organ, arranged by Swedish organist Mattias Wager, who will play a concert on both Saturday and Sunday in Hallgr\u00edmskirkja. Wager has an exciting programme in store for the audience with French classics and Swedish compositions based on folk songs along with J.S. Bach\u2019s Air.<\/p>\n<p>Wager\u2019s talents at improvisation are renowned and at the Sunday concert he will play no less than two improvisations on Icelandic tunes, one in the style of French baroque, the other in a more northern style. Wager is organist at the Storkyrkan church in Stockholm and a regular guest at the Klais organ of Hallgr\u00edmskirkja.<\/p>\n<p>The Saturday concert starts at 12 noon (30 min). Tickets are at the entrance from 11 am at 2000 ISK.<\/p>\n<p>The Sunday concert starts at 5 pm (60 min.). Tickets are at the entrance from 4 pm at 2500 ISK.<\/p>\n<p>Tickets for the weekend concerts also available online<a href=\"http:\/\/midi.is\/concerts\/1\/9658\/Altjodlegt_orgelsumar\"> here.\u00a0<\/a><\/p>\n<p>&nbsp;<\/p>\n","protected":false},"excerpt":{"rendered":"<p>The festive and beautiful national anthem of Iceland was for a long time considered too difficult for the ordinary person to sing and surrounded with a<span class=\"excerpt-hellip\"> [\u2026]<\/span><\/p>\n","protected":false},"author":2,"featured_media":3303,"comment_status":"closed","ping_status":"closed","sticky":false,"template":"","format":"standard","meta":{"ngg_post_thumbnail":0,"footnotes":""},"categories":[7],"tags":[],"class_list":["post-3306","post","type-post","status-publish","format-standard","has-post-thumbnail","hentry","category-news"],"_links":{"self":[{"href":"https:\/\/listvinafelag.is\/en\/wp-json\/wp\/v2\/posts\/3306","targetHints":{"allow":["GET"]}}],"collection":[{"href":"https:\/\/listvinafelag.is\/en\/wp-json\/wp\/v2\/posts"}],"about":[{"href":"https:\/\/listvinafelag.is\/en\/wp-json\/wp\/v2\/types\/post"}],"author":[{"embeddable":true,"href":"https:\/\/listvinafelag.is\/en\/wp-json\/wp\/v2\/users\/2"}],"replies":[{"embeddable":true,"href":"https:\/\/listvinafelag.is\/en\/wp-json\/wp\/v2\/comments?post=3306"}],"version-history":[{"count":0,"href":"https:\/\/listvinafelag.is\/en\/wp-json\/wp\/v2\/posts\/3306\/revisions"}],"wp:featuredmedia":[{"embeddable":true,"href":"https:\/\/listvinafelag.is\/en\/wp-json\/wp\/v2\/media\/3303"}],"wp:attachment":[{"href":"https:\/\/listvinafelag.is\/en\/wp-json\/wp\/v2\/media?parent=3306"}],"wp:term":[{"taxonomy":"category","embeddable":true,"href":"https:\/\/listvinafelag.is\/en\/wp-json\/wp\/v2\/categories?post=3306"},{"taxonomy":"post_tag","embeddable":true,"href":"https:\/\/listvinafelag.is\/en\/wp-json\/wp\/v2\/tags?post=3306"}],"curies":[{"name":"wp","href":"https:\/\/api.w.org\/{rel}","templated":true}]}}